{"id":8876,"date":"2021-10-19T09:48:29","date_gmt":"2021-10-19T07:48:29","guid":{"rendered":"https:\/\/visitteo.com\/the-island-of-korcula-the-beauty-of-culture-and-tradition\/"},"modified":"2021-10-19T13:53:16","modified_gmt":"2021-10-19T11:53:16","slug":"die-insel-korcula-die-schoenheit-von-kultur-und-tradition","status":"publish","type":"post","link":"https:\/\/visitteo.com\/de\/die-insel-korcula-die-schoenheit-von-kultur-und-tradition\/","title":{"rendered":"Die Insel Kor\u010dula &#8211; Die Sch\u00f6nheit von Kultur und Tradition"},"content":{"rendered":"<blockquote><p>Die Insel Kor\u010dula, reich an Weinbergen, Olivenhainen und kulturellem Erbe. Eine Insel, die auch \u00fcber eine pr\u00e4chtige Altstadt verf\u00fcgt, ist die sechstgr\u00f6\u00dfte Insel der Adria. Die sich \u00fcber eine L\u00e4nge von fast 47 km erstreckt. Die Tradition ist auf Kor\u010dula immer noch lebendig und allgegenw\u00e4rtig. Ewige religi\u00f6se Riten, Volksmusik und T\u00e4nze werden weiterhin zur Freude des wachsenden Touristenstroms aufgef\u00fchrt. Das Juwel der Insel ist zweifellos die Stadt Kor\u010dula. Eine Sammlung au\u00dfergew\u00f6hnlicher venezianisch-gotischer Architektur auf einer schmalen Halbinsel. Kor\u010dula verzaubert mit seiner zeitlosen Sch\u00f6nheit. Vergangene Zeiten haben ihre Spuren auf dem sprechenden Stein hinterlassen. Die Insel ist stolz auf die lebendigen Traditionen, die er pflegt.<\/p><\/blockquote>\n<h2><strong>Kor\u010dula durch die Geschichte<\/strong><\/h2>\n<p>Die Insel Kor\u010dula ist seit pr\u00e4historischer Zeit bewohnt. Und vielerorts wurden Spuren des antiken Lebens entdeckt. Im 6. Jahrhundert v. Chr. wurde die Insel von Griechen bewohnt. Im 1. Jahrhundert n. Chr. wurde die Insel wie ganz Dalmatien von den R\u00f6mern erobert. Um das 7. Jahrhundert drangen Kroaten an die Adriak\u00fcste vor und gr\u00fcndeten bald ihren Staat. Kor\u010dula stand lange unter der Herrschaft der Republik Dubrovnik, dann Venedig und \u00d6sterreich. 1806 Kor\u010dula wurde von Napoleon erobert, dann von den Engl\u00e4ndern und \u00d6sterreich-Ungarn, unter dem es bis zum Ende des Ersten Weltkriegs blieb. Sp\u00e4ter wurde es von den Italienern und den Deutschen erobert. Nach dem Zerfall Jugoslawiens blieb es ein kroatisches Juwel an der Adria. Die bewegte Geschichte von Kor\u010dula ist in Stein gemei\u00dfelt geblieben und auf jedem St\u00fcck dieser einzigartigen Insel sichtbar.<\/p>\n<p><img decoding=\"async\" class=\"aligncenter wp-image-8801 size-full\" title=\"Insel Kor\u010dula Stadt, Kroatien, von oben\" src=\"https:\/\/visitteo.com\/wp-content\/uploads\/2021\/10\/Korcula-Town-Croatia-from-above.jpg\" alt=\"Insel Kor\u010dula Stadt, Kroatien, von oben\" width=\"1200\" height=\"800\" srcset=\"https:\/\/visitteo.com\/wp-content\/uploads\/2021\/10\/Korcula-Town-Croatia-from-above.jpg 1200w, https:\/\/visitteo.com\/wp-content\/uploads\/2021\/10\/Korcula-Town-Croatia-from-above-300x200.jpg 300w, https:\/\/visitteo.com\/wp-content\/uploads\/2021\/10\/Korcula-Town-Croatia-from-above-1024x683.jpg 1024w, https:\/\/visitteo.com\/wp-content\/uploads\/2021\/10\/Korcula-Town-Croatia-from-above-768x512.jpg 768w\" sizes=\"calc(100vw * var(--container-width) - var(--container-gutter-width)\" \/><img decoding=\"async\" class=\"aligncenter wp-image-8834 size-full\" title=\"Treppe zum Revelin-Turm in Kor\u010dula, Kroatien\" src=\"https:\/\/visitteo.com\/wp-content\/uploads\/2021\/10\/Staircase-to-Revelin-Tower-in-Korcula-Croatia.jpg\" alt=\"Treppe zum Revelin-Turm in Kor\u010dula, Kroatien\" width=\"1200\" height=\"800\" srcset=\"https:\/\/visitteo.com\/wp-content\/uploads\/2021\/10\/Staircase-to-Revelin-Tower-in-Korcula-Croatia.jpg 1200w, https:\/\/visitteo.com\/wp-content\/uploads\/2021\/10\/Staircase-to-Revelin-Tower-in-Korcula-Croatia-300x200.jpg 300w, https:\/\/visitteo.com\/wp-content\/uploads\/2021\/10\/Staircase-to-Revelin-Tower-in-Korcula-Croatia-1024x683.jpg 1024w, https:\/\/visitteo.com\/wp-content\/uploads\/2021\/10\/Staircase-to-Revelin-Tower-in-Korcula-Croatia-768x512.jpg 768w\" sizes=\"calc(100vw * var(--container-width) - var(--container-gutter-width)\" \/><\/p>\n<h2><strong>Kulturelles Erbe<\/strong><\/h2>\n<p>Die reiche und interessante Kultur wird Sie noch lange auf dieser Insel halten. Aufgrund der besonderen Anordnung von Steinstra\u00dfen in Form von Fischgr\u00e4ten sowie alten Mauern, sch\u00f6nen alten Pal\u00e4sten und Kathedralen wurde die Stadt Korcula in die prestigetr\u00e4chtige UNESCO-Liste aufgenommen. Die Einheimischen feiern stolz ihr Erbe mit Ritterspielen wie dem ber\u00fchmten More\u0161ka. Auf der Liste des gesch\u00fctzten Kulturerbes der Republik Kroatien steht neben More\u0161ka auch der Tanz der Schwertfarben &#8211; Kumpanija. Innerhalb der Altstadtmauern leben die Menschen in einem \u201eFreilichtmuseum\u201c. Sie k\u00f6nnen die Gotik-Renaissance-<strong>Kathedrale St. Markus<\/strong>, die <strong>Schatzkammer der Abtei<\/strong>, <strong>das Stadtmuseum<\/strong>, das <strong>Marco-Polo-Interpretationszentrum<\/strong>, <strong>den Revelin-Turm<\/strong>, Kirchen und Galerien besuchen.<\/p>\n<p><img decoding=\"async\" class=\"aligncenter wp-image-8757 size-full\" title=\"Korcula-Museum. Turm von Veliki Revelin\" src=\"https:\/\/visitteo.com\/wp-content\/uploads\/2021\/10\/Korcula-museum.-Veliki-Revelin-Tower.jpg\" alt=\"Korcula-Museum. Turm von Veliki Revelin\" width=\"1200\" height=\"800\" srcset=\"https:\/\/visitteo.com\/wp-content\/uploads\/2021\/10\/Korcula-museum.-Veliki-Revelin-Tower.jpg 1200w, https:\/\/visitteo.com\/wp-content\/uploads\/2021\/10\/Korcula-museum.-Veliki-Revelin-Tower-300x200.jpg 300w, https:\/\/visitteo.com\/wp-content\/uploads\/2021\/10\/Korcula-museum.-Veliki-Revelin-Tower-1024x683.jpg 1024w, https:\/\/visitteo.com\/wp-content\/uploads\/2021\/10\/Korcula-museum.-Veliki-Revelin-Tower-768x512.jpg 768w\" sizes=\"calc(100vw * var(--container-width) - var(--container-gutter-width)\" \/><img decoding=\"async\" class=\"aligncenter wp-image-8790 size-full\" title=\"Stadtmuseum Kor\u010dula, Kroatien\" src=\"https:\/\/visitteo.com\/wp-content\/uploads\/2021\/10\/Korcula-Town-Museum-Croatia.jpg\" alt=\"Stadtmuseum Kor\u010dula, Kroatien\" width=\"1200\" height=\"800\" srcset=\"https:\/\/visitteo.com\/wp-content\/uploads\/2021\/10\/Korcula-Town-Museum-Croatia.jpg 1200w, https:\/\/visitteo.com\/wp-content\/uploads\/2021\/10\/Korcula-Town-Museum-Croatia-300x200.jpg 300w, https:\/\/visitteo.com\/wp-content\/uploads\/2021\/10\/Korcula-Town-Museum-Croatia-1024x683.jpg 1024w, https:\/\/visitteo.com\/wp-content\/uploads\/2021\/10\/Korcula-Town-Museum-Croatia-768x512.jpg 768w\" sizes=\"calc(100vw * var(--container-width) - var(--container-gutter-width)\" \/><\/p>\n<h2><strong>Die Stadt Kor\u010dula<\/strong><\/h2>\n<p>Kor\u010dula ist eine historische Festungsstadt an der Ostk\u00fcste der Insel Kor\u010dula. Die Stadt Kor\u010dula ist so geplant, dass es West- und Ostseite der Stadt gibt. Auf diesen beiden Seiten wird die Stadt durch die Hauptstra\u00dfe geteilt, die mitten durch die Stadt f\u00fchrt. Es ist in erster Linie so gebaut, dass es eine hervorragende Verteidigung gegen verschiedene Angriffe gibt. Die Stadt Kor\u010dula hat eine geographische Lage, die ideal f\u00fcr die Verteidigung war. Und ein Albtraum f\u00fcr alle, die im Laufe der Geschichte versucht haben, diese Stadt anzugreifen und zu erobern. Die Stadt ist von Mauern, T\u00fcrmen und Befestigungsanlagen umgeben, und dies l\u00e4sst uns wissen, dass diese Stadt historisch f\u00fcr verschiedene Herrscher eine wichtige Rolle gespielt hat.<\/p>\n<p><img decoding=\"async\" class=\"aligncenter wp-image-8779 size-full\" title=\"Turm und Mauern von Kor\u010dula\" src=\"https:\/\/visitteo.com\/wp-content\/uploads\/2021\/10\/Korcula-tower-and-walls.jpg\" alt=\"Turm und Mauern von Kor\u010dula\" width=\"1200\" height=\"800\" srcset=\"https:\/\/visitteo.com\/wp-content\/uploads\/2021\/10\/Korcula-tower-and-walls.jpg 1200w, https:\/\/visitteo.com\/wp-content\/uploads\/2021\/10\/Korcula-tower-and-walls-300x200.jpg 300w, https:\/\/visitteo.com\/wp-content\/uploads\/2021\/10\/Korcula-tower-and-walls-1024x683.jpg 1024w, https:\/\/visitteo.com\/wp-content\/uploads\/2021\/10\/Korcula-tower-and-walls-768x512.jpg 768w\" sizes=\"calc(100vw * var(--container-width) - var(--container-gutter-width)\" \/><img decoding=\"async\" class=\"aligncenter wp-image-8823 size-full\" title=\"Gro\u00dfer Gouverneursturm\" src=\"https:\/\/visitteo.com\/wp-content\/uploads\/2021\/10\/Large-Governors-Tower-Korcula.jpg\" alt=\"Gro\u00dfer Gouverneursturm\" width=\"1200\" height=\"800\" srcset=\"https:\/\/visitteo.com\/wp-content\/uploads\/2021\/10\/Large-Governors-Tower-Korcula.jpg 1200w, https:\/\/visitteo.com\/wp-content\/uploads\/2021\/10\/Large-Governors-Tower-Korcula-300x200.jpg 300w, https:\/\/visitteo.com\/wp-content\/uploads\/2021\/10\/Large-Governors-Tower-Korcula-1024x683.jpg 1024w, https:\/\/visitteo.com\/wp-content\/uploads\/2021\/10\/Large-Governors-Tower-Korcula-768x512.jpg 768w\" sizes=\"calc(100vw * var(--container-width) - var(--container-gutter-width)\" \/><\/p>\n<h2><strong>St. Markus-Kathedrale<\/strong><\/h2>\n<p>Die St. Markus-Kathedrale ist das Zentrum des religi\u00f6sen Lebens und eines der bedeutendsten und sch\u00f6nsten Denkm\u00e4ler in der Altstadt von Kor\u010dula. Die in der Kathedrale beobachteten Stile \u00e4ndern sich von Romanik \u00fcber Gotik, Renaissance und in Schattierungen bis hin zum Barock. Es wurde von italienischen Meistern gebaut, aber haupts\u00e4chlich von lokalen Baumeistern im 14., 15. und 16. Jahrhundert. Kathedrale vervollst\u00e4ndigt die makellose Sch\u00f6nheit der Stadt und der Insel. Die steinerne Dame zieht mit ihrer w\u00fcrdevollen Sch\u00f6nheit jeden Reisenden in seinen Bann, der zum ersten Mal die Horizonte von Kor\u010dula sieht. Die Fassade des Doms ist stilistisch vielf\u00e4ltig und zugleich monumental einzigartig. Es zeugt vom goldenen Zeitalter der Steinmetzkunst und der architektonischen F\u00e4higkeiten der Stadt und der Insel Kor\u010dula.<\/p>\n<p><img decoding=\"async\" class=\"aligncenter wp-image-8812 size-full\" title=\"Die Kathedrale von St. Markus\" src=\"https:\/\/visitteo.com\/wp-content\/uploads\/2021\/10\/Korcula-The-Cathedral-of-St.-Mark.jpg\" alt=\"Die Kathedrale von St. Markus\" width=\"1200\" height=\"800\" srcset=\"https:\/\/visitteo.com\/wp-content\/uploads\/2021\/10\/Korcula-The-Cathedral-of-St.-Mark.jpg 1200w, https:\/\/visitteo.com\/wp-content\/uploads\/2021\/10\/Korcula-The-Cathedral-of-St.-Mark-300x200.jpg 300w, https:\/\/visitteo.com\/wp-content\/uploads\/2021\/10\/Korcula-The-Cathedral-of-St.-Mark-1024x683.jpg 1024w, https:\/\/visitteo.com\/wp-content\/uploads\/2021\/10\/Korcula-The-Cathedral-of-St.-Mark-768x512.jpg 768w\" sizes=\"calc(100vw * var(--container-width) - var(--container-gutter-width)\" \/><\/p>\n<p>&nbsp;<\/p>\n<p>M\u00f6chten Sie Korcula besuchen? Unterk\u00fcnfte finden Sie auf <a href=\"https:\/\/visitteo.com\/de\/\" target=\"_blank\" rel=\"noopener noreferrer\">Visitteo<\/a>. Vergleichen Sie die Preise von Hotels, Apartments, Zimmern, Studios, Villen und vielen anderen Unterkunftsarten.<\/p>\n<p>Entdecken Sie Kroatien, lassen Sie sich inspirieren und finden Sie interessante Reiseziele in unseren sozialen Netzwerken \u2013 <a href=\"https:\/\/www.instagram.com\/visitteo\/\" target=\"_blank\" rel=\"noopener noreferrer\">Instagram<\/a>,\u00a0<a href=\"https:\/\/www.facebook.com\/visitteo\" target=\"_blank\" rel=\"noopener noreferrer\">Facebook<\/a>,\u00a0<a href=\"https:\/\/twitter.com\/visitteo\" target=\"_blank\" rel=\"noopener noreferrer\">Twitter<\/a> und\u00a0<a href=\"https:\/\/www.youtube.com\/channel\/UCbtUWjbBPW-hHoCqVIhG8YQ\" target=\"_blank\" rel=\"noopener noreferrer\">YouTube<\/a><\/p>\n<p>&nbsp;<\/p>\n<p><img decoding=\"async\" class=\"aligncenter wp-image-8859\" src=\"https:\/\/visitteo.com\/wp-content\/uploads\/2021\/10\/Lokacija-za-Blogove.svg\" alt=\"location\" width=\"1200\" height=\"1001\" \/><\/p>\n","protected":false},"excerpt":{"rendered":"<p>Die Insel Kor\u010dula, reich an Weinbergen, Olivenhainen und kulturellem Erbe. Eine Insel, die auch \u00fcber eine pr\u00e4chtige Altstadt verf\u00fcgt, ist die sechstgr\u00f6\u00dfte Insel der Adria. Die sich \u00fcber eine L\u00e4nge von fast 47 km erstreckt. Die Tradition ist auf Kor\u010dula immer noch lebendig und allgegenw\u00e4rtig. Ewige religi\u00f6se Riten, Volksmusik und T\u00e4nze werden weiterhin zur Freude [&hellip;]<\/p>\n","protected":false},"author":3,"featured_media":8772,"comment_status":"closed","ping_status":"closed","sticky":false,"template":"","format":"standard","meta":{"_acf_changed":false,"footnotes":""},"categories":[9],"tags":[102,104,435,170,436],"post-locations":[],"class_list":["post-8876","post","type-post","status-publish","format-standard","has-post-thumbnail","hentry","category-villen-de","tag-adriatic-de","tag-croatia-de","tag-island-de","tag-korcula-de","tag-korcula-old-tow-de"],"acf":[],"yoast_head":"<!-- This site is optimized with the Yoast SEO plugin v27.3 - https:\/\/yoast.com\/product\/yoast-seo-wordpress\/ -->\n<title>Die Insel Kor\u010dula - Die Sch\u00f6nheit von Kultur und Tradition - Visitteo<\/title>\n<meta name=\"description\" content=\"Die Insel Kor\u010dula, reich an Weinbergen, Olivenhainen und kulturellem Erbe. Eine Insel, die auch eine pr\u00e4chtige Altstadt hat.\" \/>\n<meta name=\"robots\" content=\"index, follow, max-snippet:-1, max-image-preview:large, max-video-preview:-1\" \/>\n<link rel=\"canonical\" href=\"https:\/\/visitteo.com\/de\/die-insel-korcula-die-schoenheit-von-kultur-und-tradition\/\" \/>\n<meta property=\"og:locale\" content=\"de_DE\" \/>\n<meta property=\"og:type\" content=\"article\" \/>\n<meta property=\"og:title\" content=\"Die Insel Kor\u010dula - Die Sch\u00f6nheit von Kultur und Tradition - Visitteo\" \/>\n<meta property=\"og:description\" content=\"Die Insel Kor\u010dula, reich an Weinbergen, Olivenhainen und kulturellem Erbe. Eine Insel, die auch eine pr\u00e4chtige Altstadt hat.\" \/>\n<meta property=\"og:url\" content=\"https:\/\/visitteo.com\/de\/die-insel-korcula-die-schoenheit-von-kultur-und-tradition\/\" \/>\n<meta property=\"og:site_name\" content=\"Visitteo\" \/>\n<meta property=\"article:publisher\" content=\"https:\/\/www.facebook.com\/visitteo\/\" \/>\n<meta property=\"article:published_time\" content=\"2021-10-19T07:48:29+00:00\" \/>\n<meta property=\"article:modified_time\" content=\"2021-10-19T11:53:16+00:00\" \/>\n<meta property=\"og:image\" content=\"https:\/\/visitteo.com\/wp-content\/uploads\/2021\/10\/Korcula-old-town-Croatia-The-Cathedral-of-St.-Mark.jpg\" \/>\n\t<meta property=\"og:image:width\" content=\"600\" \/>\n\t<meta property=\"og:image:height\" content=\"400\" \/>\n\t<meta property=\"og:image:type\" content=\"image\/jpeg\" \/>\n<meta name=\"author\" content=\"luka\" \/>\n<meta name=\"twitter:card\" content=\"summary_large_image\" \/>\n<meta name=\"twitter:creator\" content=\"@visitteo\" \/>\n<meta name=\"twitter:site\" content=\"@visitteo\" \/>\n<meta name=\"twitter:label1\" content=\"Verfasst von\" \/>\n\t<meta name=\"twitter:data1\" content=\"luka\" \/>\n\t<meta name=\"twitter:label2\" content=\"Gesch\u00e4tzte Lesezeit\" \/>\n\t<meta name=\"twitter:data2\" content=\"3\u00a0Minuten\" \/>\n<script type=\"application\/ld+json\" class=\"yoast-schema-graph\">{\"@context\":\"https:\\\/\\\/schema.org\",\"@graph\":[{\"@type\":\"Article\",\"@id\":\"https:\\\/\\\/visitteo.com\\\/de\\\/die-insel-korcula-die-schoenheit-von-kultur-und-tradition\\\/#article\",\"isPartOf\":{\"@id\":\"https:\\\/\\\/visitteo.com\\\/de\\\/die-insel-korcula-die-schoenheit-von-kultur-und-tradition\\\/\"},\"author\":{\"name\":\"luka\",\"@id\":\"https:\\\/\\\/visitteo.com\\\/de\\\/#\\\/schema\\\/person\\\/53238a5be1ba5b918df3b0af050a378f\"},\"headline\":\"Die Insel Kor\u010dula &#8211; Die Sch\u00f6nheit von Kultur und Tradition\",\"datePublished\":\"2021-10-19T07:48:29+00:00\",\"dateModified\":\"2021-10-19T11:53:16+00:00\",\"mainEntityOfPage\":{\"@id\":\"https:\\\/\\\/visitteo.com\\\/de\\\/die-insel-korcula-die-schoenheit-von-kultur-und-tradition\\\/\"},\"wordCount\":696,\"publisher\":{\"@id\":\"https:\\\/\\\/visitteo.com\\\/de\\\/#organization\"},\"image\":{\"@id\":\"https:\\\/\\\/visitteo.com\\\/de\\\/die-insel-korcula-die-schoenheit-von-kultur-und-tradition\\\/#primaryimage\"},\"thumbnailUrl\":\"https:\\\/\\\/visitteo.com\\\/wp-content\\\/uploads\\\/2021\\\/10\\\/Korcula-old-town-Croatia-The-Cathedral-of-St.-Mark.jpg\",\"keywords\":[\"adriatic\",\"croatia\",\"island\",\"kor\u010dula\",\"kor\u010dula old tow\"],\"articleSection\":[\"Villen\"],\"inLanguage\":\"de\"},{\"@type\":\"WebPage\",\"@id\":\"https:\\\/\\\/visitteo.com\\\/de\\\/die-insel-korcula-die-schoenheit-von-kultur-und-tradition\\\/\",\"url\":\"https:\\\/\\\/visitteo.com\\\/de\\\/die-insel-korcula-die-schoenheit-von-kultur-und-tradition\\\/\",\"name\":\"Die Insel Kor\u010dula - Die Sch\u00f6nheit von Kultur und Tradition - Visitteo\",\"isPartOf\":{\"@id\":\"https:\\\/\\\/visitteo.com\\\/de\\\/#website\"},\"primaryImageOfPage\":{\"@id\":\"https:\\\/\\\/visitteo.com\\\/de\\\/die-insel-korcula-die-schoenheit-von-kultur-und-tradition\\\/#primaryimage\"},\"image\":{\"@id\":\"https:\\\/\\\/visitteo.com\\\/de\\\/die-insel-korcula-die-schoenheit-von-kultur-und-tradition\\\/#primaryimage\"},\"thumbnailUrl\":\"https:\\\/\\\/visitteo.com\\\/wp-content\\\/uploads\\\/2021\\\/10\\\/Korcula-old-town-Croatia-The-Cathedral-of-St.-Mark.jpg\",\"datePublished\":\"2021-10-19T07:48:29+00:00\",\"dateModified\":\"2021-10-19T11:53:16+00:00\",\"description\":\"Die Insel Kor\u010dula, reich an Weinbergen, Olivenhainen und kulturellem Erbe. Eine Insel, die auch eine pr\u00e4chtige Altstadt hat.\",\"breadcrumb\":{\"@id\":\"https:\\\/\\\/visitteo.com\\\/de\\\/die-insel-korcula-die-schoenheit-von-kultur-und-tradition\\\/#breadcrumb\"},\"inLanguage\":\"de\",\"potentialAction\":[{\"@type\":\"ReadAction\",\"target\":[\"https:\\\/\\\/visitteo.com\\\/de\\\/die-insel-korcula-die-schoenheit-von-kultur-und-tradition\\\/\"]}]},{\"@type\":\"ImageObject\",\"inLanguage\":\"de\",\"@id\":\"https:\\\/\\\/visitteo.com\\\/de\\\/die-insel-korcula-die-schoenheit-von-kultur-und-tradition\\\/#primaryimage\",\"url\":\"https:\\\/\\\/visitteo.com\\\/wp-content\\\/uploads\\\/2021\\\/10\\\/Korcula-old-town-Croatia-The-Cathedral-of-St.-Mark.jpg\",\"contentUrl\":\"https:\\\/\\\/visitteo.com\\\/wp-content\\\/uploads\\\/2021\\\/10\\\/Korcula-old-town-Croatia-The-Cathedral-of-St.-Mark.jpg\",\"width\":600,\"height\":400,\"caption\":\"Kor\u010dula old town, Croatia, The Cathedral of St. Mark\"},{\"@type\":\"BreadcrumbList\",\"@id\":\"https:\\\/\\\/visitteo.com\\\/de\\\/die-insel-korcula-die-schoenheit-von-kultur-und-tradition\\\/#breadcrumb\",\"itemListElement\":[{\"@type\":\"ListItem\",\"position\":1,\"name\":\"Homepage\",\"item\":\"https:\\\/\\\/visitteo.com\\\/de\\\/\"},{\"@type\":\"ListItem\",\"position\":2,\"name\":\"Die Insel Kor\u010dula &#8211; Die Sch\u00f6nheit von Kultur und Tradition\"}]},{\"@type\":\"WebSite\",\"@id\":\"https:\\\/\\\/visitteo.com\\\/de\\\/#website\",\"url\":\"https:\\\/\\\/visitteo.com\\\/de\\\/\",\"name\":\"Visitteo\",\"description\":\"Visitteo is a metasearch engine for car rental.\",\"publisher\":{\"@id\":\"https:\\\/\\\/visitteo.com\\\/de\\\/#organization\"},\"potentialAction\":[{\"@type\":\"SearchAction\",\"target\":{\"@type\":\"EntryPoint\",\"urlTemplate\":\"https:\\\/\\\/visitteo.com\\\/de\\\/?s={search_term_string}\"},\"query-input\":{\"@type\":\"PropertyValueSpecification\",\"valueRequired\":true,\"valueName\":\"search_term_string\"}}],\"inLanguage\":\"de\"},{\"@type\":\"Organization\",\"@id\":\"https:\\\/\\\/visitteo.com\\\/de\\\/#organization\",\"name\":\"Visitteo\",\"url\":\"https:\\\/\\\/visitteo.com\\\/de\\\/\",\"logo\":{\"@type\":\"ImageObject\",\"inLanguage\":\"de\",\"@id\":\"https:\\\/\\\/visitteo.com\\\/de\\\/#\\\/schema\\\/logo\\\/image\\\/\",\"url\":\"https:\\\/\\\/visitteo.com\\\/wp-content\\\/uploads\\\/2024\\\/09\\\/organization_logo.png\",\"contentUrl\":\"https:\\\/\\\/visitteo.com\\\/wp-content\\\/uploads\\\/2024\\\/09\\\/organization_logo.png\",\"width\":840,\"height\":840,\"caption\":\"Visitteo\"},\"image\":{\"@id\":\"https:\\\/\\\/visitteo.com\\\/de\\\/#\\\/schema\\\/logo\\\/image\\\/\"},\"sameAs\":[\"https:\\\/\\\/www.facebook.com\\\/visitteo\\\/\",\"https:\\\/\\\/x.com\\\/visitteo\",\"https:\\\/\\\/www.instagram.com\\\/visitteo\\\/\",\"https:\\\/\\\/www.pinterest.com\\\/visitteo\\\/pins\\\/\"]},{\"@type\":\"Person\",\"@id\":\"https:\\\/\\\/visitteo.com\\\/de\\\/#\\\/schema\\\/person\\\/53238a5be1ba5b918df3b0af050a378f\",\"name\":\"luka\",\"image\":{\"@type\":\"ImageObject\",\"inLanguage\":\"de\",\"@id\":\"https:\\\/\\\/secure.gravatar.com\\\/avatar\\\/9a67ac519f01ec189794283addfea686b53e51f9ead55bfa62a9f7e13c241a8a?s=96&d=mm&r=g\",\"url\":\"https:\\\/\\\/secure.gravatar.com\\\/avatar\\\/9a67ac519f01ec189794283addfea686b53e51f9ead55bfa62a9f7e13c241a8a?s=96&d=mm&r=g\",\"contentUrl\":\"https:\\\/\\\/secure.gravatar.com\\\/avatar\\\/9a67ac519f01ec189794283addfea686b53e51f9ead55bfa62a9f7e13c241a8a?s=96&d=mm&r=g\",\"caption\":\"luka\"}}]}<\/script>\n<!-- \/ Yoast SEO plugin. -->","yoast_head_json":{"title":"Die Insel Kor\u010dula - Die Sch\u00f6nheit von Kultur und Tradition - Visitteo","description":"Die Insel Kor\u010dula, reich an Weinbergen, Olivenhainen und kulturellem Erbe. Eine Insel, die auch eine pr\u00e4chtige Altstadt hat.","robots":{"index":"index","follow":"follow","max-snippet":"max-snippet:-1","max-image-preview":"max-image-preview:large","max-video-preview":"max-video-preview:-1"},"canonical":"https:\/\/visitteo.com\/de\/die-insel-korcula-die-schoenheit-von-kultur-und-tradition\/","og_locale":"de_DE","og_type":"article","og_title":"Die Insel Kor\u010dula - Die Sch\u00f6nheit von Kultur und Tradition - Visitteo","og_description":"Die Insel Kor\u010dula, reich an Weinbergen, Olivenhainen und kulturellem Erbe. Eine Insel, die auch eine pr\u00e4chtige Altstadt hat.","og_url":"https:\/\/visitteo.com\/de\/die-insel-korcula-die-schoenheit-von-kultur-und-tradition\/","og_site_name":"Visitteo","article_publisher":"https:\/\/www.facebook.com\/visitteo\/","article_published_time":"2021-10-19T07:48:29+00:00","article_modified_time":"2021-10-19T11:53:16+00:00","og_image":[{"width":600,"height":400,"url":"https:\/\/visitteo.com\/wp-content\/uploads\/2021\/10\/Korcula-old-town-Croatia-The-Cathedral-of-St.-Mark.jpg","type":"image\/jpeg"}],"author":"luka","twitter_card":"summary_large_image","twitter_creator":"@visitteo","twitter_site":"@visitteo","twitter_misc":{"Verfasst von":"luka","Gesch\u00e4tzte Lesezeit":"3\u00a0Minuten"},"schema":{"@context":"https:\/\/schema.org","@graph":[{"@type":"Article","@id":"https:\/\/visitteo.com\/de\/die-insel-korcula-die-schoenheit-von-kultur-und-tradition\/#article","isPartOf":{"@id":"https:\/\/visitteo.com\/de\/die-insel-korcula-die-schoenheit-von-kultur-und-tradition\/"},"author":{"name":"luka","@id":"https:\/\/visitteo.com\/de\/#\/schema\/person\/53238a5be1ba5b918df3b0af050a378f"},"headline":"Die Insel Kor\u010dula &#8211; Die Sch\u00f6nheit von Kultur und Tradition","datePublished":"2021-10-19T07:48:29+00:00","dateModified":"2021-10-19T11:53:16+00:00","mainEntityOfPage":{"@id":"https:\/\/visitteo.com\/de\/die-insel-korcula-die-schoenheit-von-kultur-und-tradition\/"},"wordCount":696,"publisher":{"@id":"https:\/\/visitteo.com\/de\/#organization"},"image":{"@id":"https:\/\/visitteo.com\/de\/die-insel-korcula-die-schoenheit-von-kultur-und-tradition\/#primaryimage"},"thumbnailUrl":"https:\/\/visitteo.com\/wp-content\/uploads\/2021\/10\/Korcula-old-town-Croatia-The-Cathedral-of-St.-Mark.jpg","keywords":["adriatic","croatia","island","kor\u010dula","kor\u010dula old tow"],"articleSection":["Villen"],"inLanguage":"de"},{"@type":"WebPage","@id":"https:\/\/visitteo.com\/de\/die-insel-korcula-die-schoenheit-von-kultur-und-tradition\/","url":"https:\/\/visitteo.com\/de\/die-insel-korcula-die-schoenheit-von-kultur-und-tradition\/","name":"Die Insel Kor\u010dula - Die Sch\u00f6nheit von Kultur und Tradition - Visitteo","isPartOf":{"@id":"https:\/\/visitteo.com\/de\/#website"},"primaryImageOfPage":{"@id":"https:\/\/visitteo.com\/de\/die-insel-korcula-die-schoenheit-von-kultur-und-tradition\/#primaryimage"},"image":{"@id":"https:\/\/visitteo.com\/de\/die-insel-korcula-die-schoenheit-von-kultur-und-tradition\/#primaryimage"},"thumbnailUrl":"https:\/\/visitteo.com\/wp-content\/uploads\/2021\/10\/Korcula-old-town-Croatia-The-Cathedral-of-St.-Mark.jpg","datePublished":"2021-10-19T07:48:29+00:00","dateModified":"2021-10-19T11:53:16+00:00","description":"Die Insel Kor\u010dula, reich an Weinbergen, Olivenhainen und kulturellem Erbe. Eine Insel, die auch eine pr\u00e4chtige Altstadt hat.","breadcrumb":{"@id":"https:\/\/visitteo.com\/de\/die-insel-korcula-die-schoenheit-von-kultur-und-tradition\/#breadcrumb"},"inLanguage":"de","potentialAction":[{"@type":"ReadAction","target":["https:\/\/visitteo.com\/de\/die-insel-korcula-die-schoenheit-von-kultur-und-tradition\/"]}]},{"@type":"ImageObject","inLanguage":"de","@id":"https:\/\/visitteo.com\/de\/die-insel-korcula-die-schoenheit-von-kultur-und-tradition\/#primaryimage","url":"https:\/\/visitteo.com\/wp-content\/uploads\/2021\/10\/Korcula-old-town-Croatia-The-Cathedral-of-St.-Mark.jpg","contentUrl":"https:\/\/visitteo.com\/wp-content\/uploads\/2021\/10\/Korcula-old-town-Croatia-The-Cathedral-of-St.-Mark.jpg","width":600,"height":400,"caption":"Kor\u010dula old town, Croatia, The Cathedral of St. Mark"},{"@type":"BreadcrumbList","@id":"https:\/\/visitteo.com\/de\/die-insel-korcula-die-schoenheit-von-kultur-und-tradition\/#breadcrumb","itemListElement":[{"@type":"ListItem","position":1,"name":"Homepage","item":"https:\/\/visitteo.com\/de\/"},{"@type":"ListItem","position":2,"name":"Die Insel Kor\u010dula &#8211; Die Sch\u00f6nheit von Kultur und Tradition"}]},{"@type":"WebSite","@id":"https:\/\/visitteo.com\/de\/#website","url":"https:\/\/visitteo.com\/de\/","name":"Visitteo","description":"Visitteo is a metasearch engine for car rental.","publisher":{"@id":"https:\/\/visitteo.com\/de\/#organization"},"potentialAction":[{"@type":"SearchAction","target":{"@type":"EntryPoint","urlTemplate":"https:\/\/visitteo.com\/de\/?s={search_term_string}"},"query-input":{"@type":"PropertyValueSpecification","valueRequired":true,"valueName":"search_term_string"}}],"inLanguage":"de"},{"@type":"Organization","@id":"https:\/\/visitteo.com\/de\/#organization","name":"Visitteo","url":"https:\/\/visitteo.com\/de\/","logo":{"@type":"ImageObject","inLanguage":"de","@id":"https:\/\/visitteo.com\/de\/#\/schema\/logo\/image\/","url":"https:\/\/visitteo.com\/wp-content\/uploads\/2024\/09\/organization_logo.png","contentUrl":"https:\/\/visitteo.com\/wp-content\/uploads\/2024\/09\/organization_logo.png","width":840,"height":840,"caption":"Visitteo"},"image":{"@id":"https:\/\/visitteo.com\/de\/#\/schema\/logo\/image\/"},"sameAs":["https:\/\/www.facebook.com\/visitteo\/","https:\/\/x.com\/visitteo","https:\/\/www.instagram.com\/visitteo\/","https:\/\/www.pinterest.com\/visitteo\/pins\/"]},{"@type":"Person","@id":"https:\/\/visitteo.com\/de\/#\/schema\/person\/53238a5be1ba5b918df3b0af050a378f","name":"luka","image":{"@type":"ImageObject","inLanguage":"de","@id":"https:\/\/secure.gravatar.com\/avatar\/9a67ac519f01ec189794283addfea686b53e51f9ead55bfa62a9f7e13c241a8a?s=96&d=mm&r=g","url":"https:\/\/secure.gravatar.com\/avatar\/9a67ac519f01ec189794283addfea686b53e51f9ead55bfa62a9f7e13c241a8a?s=96&d=mm&r=g","contentUrl":"https:\/\/secure.gravatar.com\/avatar\/9a67ac519f01ec189794283addfea686b53e51f9ead55bfa62a9f7e13c241a8a?s=96&d=mm&r=g","caption":"luka"}}]}},"_links":{"self":[{"href":"https:\/\/visitteo.com\/de\/wp-json\/wp\/v2\/posts\/8876","targetHints":{"allow":["GET"]}}],"collection":[{"href":"https:\/\/visitteo.com\/de\/wp-json\/wp\/v2\/posts"}],"about":[{"href":"https:\/\/visitteo.com\/de\/wp-json\/wp\/v2\/types\/post"}],"author":[{"embeddable":true,"href":"https:\/\/visitteo.com\/de\/wp-json\/wp\/v2\/users\/3"}],"replies":[{"embeddable":true,"href":"https:\/\/visitteo.com\/de\/wp-json\/wp\/v2\/comments?post=8876"}],"version-history":[{"count":0,"href":"https:\/\/visitteo.com\/de\/wp-json\/wp\/v2\/posts\/8876\/revisions"}],"wp:featuredmedia":[{"embeddable":true,"href":"https:\/\/visitteo.com\/de\/wp-json\/wp\/v2\/media\/8772"}],"wp:attachment":[{"href":"https:\/\/visitteo.com\/de\/wp-json\/wp\/v2\/media?parent=8876"}],"wp:term":[{"taxonomy":"category","embeddable":true,"href":"https:\/\/visitteo.com\/de\/wp-json\/wp\/v2\/categories?post=8876"},{"taxonomy":"post_tag","embeddable":true,"href":"https:\/\/visitteo.com\/de\/wp-json\/wp\/v2\/tags?post=8876"},{"taxonomy":"post-location","embeddable":true,"href":"https:\/\/visitteo.com\/de\/wp-json\/wp\/v2\/post-locations?post=8876"}],"curies":[{"name":"wp","href":"https:\/\/api.w.org\/{rel}","templated":true}]}}