{"id":31932,"date":"2023-11-29T17:51:55","date_gmt":"2023-11-29T16:51:55","guid":{"rendered":"https:\/\/visitteo.com\/a-10-legjobb-hotel-szarajevoban-thisyear\/"},"modified":"2024-01-31T18:37:34","modified_gmt":"2024-01-31T17:37:34","slug":"szallodak-szarajevo","status":"publish","type":"post","link":"https:\/\/visitteo.com\/hu\/szallodak-szarajevo\/","title":{"rendered":"Sz\u00e1llod\u00e1k Szarajev\u00f3 &#8211; A 10 legjobb sz\u00e1lloda"},"content":{"rendered":"<div class=\"highlight-block\">\n<p style=\"text-align: center;\"><em>A szarajev\u00f3i sz\u00e1llod\u00e1k, mint a v\u00e1ros ny\u00fczsg\u0151 mes\u00e9j\u00e9nek rejtett fejezetei, arra invit\u00e1lj\u00e1k az utaz\u00f3kat, hogy a bosny\u00e1k vend\u00e9gszeretet m\u0171v\u00e9szi alkot\u00e1s\u00e1ban \u00e9ljenek.<\/em><\/p>\n<\/div>\n<p>Szarajev\u00f3 sz\u00edv\u00e9ben, ahol t\u00e1ncol a t\u00f6rt\u00e9nelem \u00e9s a vend\u00e9gl\u00e1t\u00e1s, a sz\u00e1llod\u00e1k nem csup\u00e1n sz\u00e1ll\u00e1slehet\u0151s\u00e9gek \u2013 \u0151k a boszniai kalandok f\u0151szerepl\u0151i. Fedezze fel a Colors Inn b\u00e1jos szimf\u00f3ni\u00e1j\u00e1t a Ko\u0161evo utc\u00e1ban, \u00e9s engedje, hogy a Hotel Hills vagy a Radon Plaza var\u00e1zsa mag\u00e1hoz \u00f6leljen. A szarajev\u00f3i sz\u00e1llod\u00e1k nem csak hangulatos mened\u00e9ket ny\u00fajtanak, hanem \u00e9lm\u00e9nyszer\u0171 utaz\u00e1st is, ahol a v\u00e1ros t\u00f6rt\u00e9netei z\u00f6kken\u0151mentesen keverednek a modern k\u00e9nyelemmel. Legyen a szarajev\u00f3i sz\u00e1llod\u00e1k mesemond\u00f3i ebben a boszniai od\u00fcssze\u00e1ban.<\/p>\n<div class=\"affilliate-wrapper\">\n\t\t<div class=\"affilliate editor-content\">\n\t\t\t<p>Ez a cikk t\u00e1rsult linkeket tartalmaz.&nbsp;<span class=\"show-more-less\" data-show-more=\"Mutass t\u00f6bbet\" data-show-less=\"Mutass kevesebbet\" data-text=\"Szerkeszt\u0151ink minden list\u00e1t f\u00fcggetlen\u00fcl v\u00e1lasztanak ki, hogy t\u00e1j\u00e9koztass\u00e1k, inspir\u00e1lj\u00e1k \u00e9s tan\u00e1csokkal l\u00e1ss\u00e1k el olvas\u00f3inkat a nyaral\u00e1sukhoz legmegfelel\u0151bb v\u00e1laszt\u00e1sokr\u00f3l. Ha r\u00e1kattint \u00e9s lefoglalja a sz\u00e1ll\u00e1shelyet, egy kis jutal\u00e9kot kaphatunk. Biztos lehet benne, hogy ez nem befoly\u00e1solja a foglal\u00e1s k\u00f6lts\u00e9geit.\"><button type=\"button\" class=\"show-more-less-button\">Mutass t\u00f6bbet<\/button><\/span><\/p>\n\t\t<\/div>\n\t<\/div>\n<p><img decoding=\"async\" width=\"1200\" height=\"400\" class=\"aligncenter size-full wp-image-30637\" src=\"https:\/\/visitteo.com\/wp-content\/uploads\/2023\/11\/sarajevo.jpg\" alt=\"szarajev\u00f3i sz\u00e1llod\u00e1k\" srcset=\"https:\/\/visitteo.com\/wp-content\/uploads\/2023\/11\/sarajevo.jpg 1200w, https:\/\/visitteo.com\/wp-content\/uploads\/2023\/11\/sarajevo-300x100.jpg 300w, https:\/\/visitteo.com\/wp-content\/uploads\/2023\/11\/sarajevo-1024x341.jpg 1024w, https:\/\/visitteo.com\/wp-content\/uploads\/2023\/11\/sarajevo-768x256.jpg 768w\" sizes=\"calc(100vw * var(--container-width) - var(--container-gutter-width)\" \/><\/p>\n<h2 style=\"text-align: center;\">Sz\u00e1llod\u00e1k Szarajev\u00f3<\/h2>\n<h2>1. Hotel Hills Szarajev\u00f3<\/h2>\n<p><img decoding=\"async\" width=\"1200\" height=\"750\" class=\"aligncenter size-full wp-image-30571\" src=\"https:\/\/visitteo.com\/wp-content\/uploads\/2023\/11\/Hotel-Hills-Sarajevo.jpg\" alt=\"Hotel Hills Szarajev\u00f3\" srcset=\"https:\/\/visitteo.com\/wp-content\/uploads\/2023\/11\/Hotel-Hills-Sarajevo.jpg 1200w, https:\/\/visitteo.com\/wp-content\/uploads\/2023\/11\/Hotel-Hills-Sarajevo-300x188.jpg 300w, https:\/\/visitteo.com\/wp-content\/uploads\/2023\/11\/Hotel-Hills-Sarajevo-1024x640.jpg 1024w, https:\/\/visitteo.com\/wp-content\/uploads\/2023\/11\/Hotel-Hills-Sarajevo-768x480.jpg 768w\" sizes=\"calc(100vw * var(--container-width) - var(--container-gutter-width)\" \/><\/p>\n<p>A Hotel Hills, Thermal &amp; Spa Resort Sarajevo egy csod\u00e1latos sz\u00e1lloda 330 luxus vend\u00e9gszob\u00e1val \u00e9s lakoszt\u00e1llyal a z\u00f6ld o\u00e1zisnak nevezett Szarajev\u00f3 k\u00f6zep\u00e9n. A sz\u00e1lloda fedett \u00e9s szabadt\u00e9ri \u00fasz\u00f3medenc\u00e9kkel, adrenalinparkkal v\u00e1rja a gyerekeket \u00e9s a feln\u0151tteket minden koroszt\u00e1ly sz\u00e1m\u00e1ra, valamint egy wellness-k\u00f6zpontot f\u00fcrd\u0151- \u00e9s fitneszk\u00f6zponttal. Menjen fel a tet\u0151n l\u00e9v\u0151 \u00e9tterembe, ahol l\u00e9legzetel\u00e1ll\u00edt\u00f3 kil\u00e1t\u00e1s ny\u00edlik Szarajev\u00f3 v\u00e1rosk\u00e9p\u00e9re \u00e9s a sz\u00e1llod\u00e1t k\u00f6r\u00fclvev\u0151 gy\u00f6ny\u00f6r\u0171 term\u00e9szeti t\u00e1jra. Az egyik oldalon gy\u00f6ny\u00f6r\u0171 kil\u00e1t\u00e1s ny\u00edlik a hegyekre, a m\u00e1sik oldalon Szarajev\u00f3 gy\u00f6ny\u00f6r\u0171 v\u00e1rosk\u00e9pe.<\/p>\n<p class=\"button-link has-icon\"><a href=\"https:\/\/www.booking.com\/hotel\/ba\/hills-sarajevo-congress-amp-thermal-spa-resort.en.html?aid=7915483&amp;no_rooms=1&amp;group_adults=2\" target=\"_blank\" rel=\"noopener\">Foglaljon itt<\/a><\/p>\n<h2>2. Swissotel Sarajevo<\/h2>\n<p><img decoding=\"async\" class=\"aligncenter wp-image-30648 size-full\" src=\"https:\/\/visitteo.com\/wp-content\/uploads\/2023\/11\/Swissotel-Sarajevobest-hotels-sarajevo.jpg\" alt=\"Swissotel\" width=\"1200\" height=\"750\" srcset=\"https:\/\/visitteo.com\/wp-content\/uploads\/2023\/11\/Swissotel-Sarajevobest-hotels-sarajevo.jpg 1200w, https:\/\/visitteo.com\/wp-content\/uploads\/2023\/11\/Swissotel-Sarajevobest-hotels-sarajevo-300x188.jpg 300w, https:\/\/visitteo.com\/wp-content\/uploads\/2023\/11\/Swissotel-Sarajevobest-hotels-sarajevo-1024x640.jpg 1024w, https:\/\/visitteo.com\/wp-content\/uploads\/2023\/11\/Swissotel-Sarajevobest-hotels-sarajevo-768x480.jpg 768w\" sizes=\"calc(100vw * var(--container-width) - var(--container-gutter-width)\" \/><\/p>\n<p>A v\u00e1ros ny\u00fczsg\u0151 k\u00f6zpontj\u00e1nak k\u00f6zep\u00e9n tal\u00e1lhat\u00f3 Swissotel Sarajevo remek p\u00e9ld\u00e1ja annak a meleg vend\u00e9gszeretetnek, amely Bosznia-Hercegovina kult\u00far\u00e1j\u00e1nak nagy r\u00e9sz\u00e9t k\u00e9pezi. A modern szob\u00e1k egyedi r\u00e9szletei kiv\u00e1l\u00f3ak, \u00e9s a bel\u0151l\u00fck ny\u00edl\u00f3 kil\u00e1t\u00e1s elegend\u0151 ahhoz, hogy el\u00e1lljon a l\u00e9legzete. K\u00e9t nagyszer\u0171 \u00e9tterem is tal\u00e1lhat\u00f3, amelyek igaz\u00e1n modernek \u00e9s \u00fajradefini\u00e1lj\u00e1k, mit jelent a k\u00e9nyeztet\u00e9s. A Fusion \u00e9tterem a bosny\u00e1k klasszikusok, a nemzetk\u00f6zi kulin\u00e1ris remekm\u0171vek \u00e9s a keleti finoms\u00e1gok szimf\u00f3ni\u00e1ja. A Swissotel Sarajevo az \u00fczleti negyedben zajl\u00f3 esem\u00e9nyek kell\u0151s k\u00f6zep\u00e9n tal\u00e1lhat\u00f3, \u00edgy k\u00f6nnyen megk\u00f6zel\u00edthet\u0151 a helyi l\u00e1tnival\u00f3k \u00e9s a f\u0151 k\u00f6zleked\u00e9si csom\u00f3pontok.<\/p>\n<p class=\"button-link has-icon\"><a href=\"https:\/\/www.booking.com\/hotel\/ba\/swissotel-sarajevo.en.html?aid=7915483&amp;no_rooms=1&amp;group_adults=2\" target=\"_blank\" rel=\"noopener\">Foglaljon itt<\/a><\/p>\n<h2>3. Radon Plaza Hotel<\/h2>\n<p><img decoding=\"async\" width=\"1200\" height=\"750\" class=\"aligncenter size-full wp-image-30626\" src=\"https:\/\/visitteo.com\/wp-content\/uploads\/2023\/11\/Radon-Plaza-Hotel.jpg\" alt=\"Radon Plaza Hotel\" srcset=\"https:\/\/visitteo.com\/wp-content\/uploads\/2023\/11\/Radon-Plaza-Hotel.jpg 1200w, https:\/\/visitteo.com\/wp-content\/uploads\/2023\/11\/Radon-Plaza-Hotel-300x188.jpg 300w, https:\/\/visitteo.com\/wp-content\/uploads\/2023\/11\/Radon-Plaza-Hotel-1024x640.jpg 1024w, https:\/\/visitteo.com\/wp-content\/uploads\/2023\/11\/Radon-Plaza-Hotel-768x480.jpg 768w\" sizes=\"calc(100vw * var(--container-width) - var(--container-gutter-width)\" \/><\/p>\n<p>A Szarajev\u00f3 mag\u00e1val ragad\u00f3 mili\u0151j\u00e9ben elhelyezked\u0151 Radon Plaza Hotel a pazar k\u00e9nyeztet\u00e9s, a finn szauna, a h\u00edvogat\u00f3 fedett medence \u00e9s egy sor szabadid\u0151s tev\u00e9kenys\u00e9g \u00e1ltal hangszerelt gazdags\u00e1g szimf\u00f3ni\u00e1ja. A szabadid\u0151 a tekep\u00e1lya \u00e9s a bili\u00e1rd jelenl\u00e9t\u00e9vel h\u00edvogatja a vend\u00e9geket, a siets\u00e9g n\u00e9lk\u00fcli sz\u00f3rakoz\u00e1s hangulat\u00e1ba. Csillap\u00edtsa szomj\u00e1t a Lobby b\u00e1rban, amely egy megnyugtat\u00f3 l\u00e9gk\u00f6rt \u00e1raszt. A nagyobb k\u00e9nyelem \u00e9rdek\u00e9ben a Radon Plaza Hotel parkol\u00f3t \u00e9s rept\u00e9ri transzfert k\u00edn\u00e1l, amely z\u00f6kken\u0151mentesen \u00f6sszekapcsolja a megk\u00f6zel\u00edthet\u0151s\u00e9get a zavartalan utaz\u00e1s ir\u00e1nti elk\u00f6telezetts\u00e9ggel.<\/p>\n<p class=\"button-link has-icon\"><a href=\"https:\/\/www.booking.com\/hotel\/ba\/radon-plaza.en.html?aid=7915483&amp;no_rooms=1&amp;group_adults=2\" target=\"_blank\" rel=\"noopener\">Foglaljon itt<\/a><\/p>\n<h2>4. Hotel Eur\u00f3pa<\/h2>\n<p><img decoding=\"async\" width=\"1200\" height=\"750\" class=\"aligncenter size-full wp-image-30560\" src=\"https:\/\/visitteo.com\/wp-content\/uploads\/2023\/11\/Hotel-Europe-best-hotels-sarajevo.jpg\" alt=\"Hotel Eur\u00f3pa, legjobb sz\u00e1llod\u00e1k Szarajev\u00f3\" srcset=\"https:\/\/visitteo.com\/wp-content\/uploads\/2023\/11\/Hotel-Europe-best-hotels-sarajevo.jpg 1200w, https:\/\/visitteo.com\/wp-content\/uploads\/2023\/11\/Hotel-Europe-best-hotels-sarajevo-300x188.jpg 300w, https:\/\/visitteo.com\/wp-content\/uploads\/2023\/11\/Hotel-Europe-best-hotels-sarajevo-1024x640.jpg 1024w, https:\/\/visitteo.com\/wp-content\/uploads\/2023\/11\/Hotel-Europe-best-hotels-sarajevo-768x480.jpg 768w\" sizes=\"calc(100vw * var(--container-width) - var(--container-gutter-width)\" \/><\/p>\n<p>A Hotel Europe mind\u00f6ssze n\u00e9h\u00e1ny l\u00e9p\u00e9sre tal\u00e1lhat\u00f3 a turisztikai \u00f3v\u00e1rost\u00f3l, Szarajev\u00f3 kell\u0151s k\u00f6zep\u00e9n. A sz\u00e1lloda hagyom\u00e1nyos r\u00e9sze a r\u00e9gm\u00falt id\u0151kb\u0151l sz\u00e1rmaz\u00f3 mutat\u00f3s dekor\u00e1ci\u00f3ival tartja \u00e9letben a m\u00falt szellem\u00e9t, m\u00edg az \u00faj r\u00e9sz modernebb st\u00edlusban k\u00e9sz\u00fclt. A Hotel Europe sz\u00e1z \u00e9ve n\u00e9ma tan\u00faja Szarajev\u00f3 t\u00f6rt\u00e9nelm\u00e9nek, \u00e9s Eur\u00f3pa \u00e9s a vil\u00e1g minden t\u00e1j\u00e1r\u00f3l \u00e9rkezett h\u00edres emberek otthona. A Hotel Europe igazi \u00e9lm\u00e9nny\u00e9 teszi szarajev\u00f3i tart\u00f3zkod\u00e1s\u00e1t, amelyre mindig mosolyogva fog eml\u00e9kezni.<\/p>\n<p class=\"button-link has-icon\"><a href=\"https:\/\/www.booking.com\/hotel\/ba\/europa-sarajevo.en.html?aid=7915483&amp;no_rooms=1&amp;group_adults=2\" target=\"_blank\" rel=\"noopener\">Foglaljon itt<\/a><\/p>\n<h2>5. Malak Regency Hotel<\/h2>\n<p><img decoding=\"async\" width=\"1200\" height=\"750\" class=\"aligncenter size-full wp-image-30604\" src=\"https:\/\/visitteo.com\/wp-content\/uploads\/2023\/11\/Malak-Regency-Hotel-sarajevo.jpg\" alt=\"Malak Regency Hotel szarajev\u00f3\" srcset=\"https:\/\/visitteo.com\/wp-content\/uploads\/2023\/11\/Malak-Regency-Hotel-sarajevo.jpg 1200w, https:\/\/visitteo.com\/wp-content\/uploads\/2023\/11\/Malak-Regency-Hotel-sarajevo-300x188.jpg 300w, https:\/\/visitteo.com\/wp-content\/uploads\/2023\/11\/Malak-Regency-Hotel-sarajevo-1024x640.jpg 1024w, https:\/\/visitteo.com\/wp-content\/uploads\/2023\/11\/Malak-Regency-Hotel-sarajevo-768x480.jpg 768w\" sizes=\"calc(100vw * var(--container-width) - var(--container-gutter-width)\" \/><\/p>\n<p>Szarajev\u00f3 gy\u00f6ny\u00f6r\u0171 Ilid\u017ea negyed\u00e9ben, a Great Alley k\u00f6zel\u00e9ben tal\u00e1lhat\u00f3 a f\u00e9ny\u0171z\u0151, \u00f6tcsillagos Malak Regency Hotel. A sz\u00e1lloda m\u00e1rka a kiv\u00e1l\u00f3s\u00e1got, a kedvess\u00e9get \u00e9s a professzionalizmust k\u00e9pviseli a tisztelt l\u00e1togat\u00f3k sz\u00e1m\u00e1ra vil\u00e1gszerte. Sokan ismerik a Malak Regency Hotel \u00ednyenc \u00e9s bisztr\u00f3 \u00e9ttermeit, ahol a legjobb bosny\u00e1k, nemzetk\u00f6zi \u00e9s keleti \u00e9teleket szolg\u00e1lnak fel. A gy\u00f6ny\u00f6r\u0171 kerttel \u00e9s a \u017deljeznica foly\u00f3 zaj\u00e1val az Orient k\u00e1v\u00e9z\u00f3-\u00e9tterem ide\u00e1lis hely a k\u00e1v\u00e9 elfogyaszt\u00e1s\u00e1ra \u00e9s a szeretteivel val\u00f3 id\u0151t\u00f6lt\u00e9sre. Menek\u00fclj\u00f6n el a pihen\u00e9s b\u00e9k\u00e9s kik\u00f6t\u0151j\u00e9be a legmodernebb Malak Spa-ban.<\/p>\n<p class=\"button-link has-icon\"><a href=\"https:\/\/www.booking.com\/hotel\/ba\/malak-regency.en.html?aid=7915483&amp;no_rooms=1&amp;group_adults=2\" target=\"_blank\" rel=\"noopener\">Foglaljon itt<\/a><\/p>\n<h2>6. Courtyard by Marriott<\/h2>\n<p><img decoding=\"async\" width=\"1200\" height=\"750\" class=\"aligncenter size-full wp-image-30527\" src=\"https:\/\/visitteo.com\/wp-content\/uploads\/2023\/11\/Courtyard-by-Marriott-Sarajevo.jpg\" alt=\"A Marriott Sarajevo udvara\" srcset=\"https:\/\/visitteo.com\/wp-content\/uploads\/2023\/11\/Courtyard-by-Marriott-Sarajevo.jpg 1200w, https:\/\/visitteo.com\/wp-content\/uploads\/2023\/11\/Courtyard-by-Marriott-Sarajevo-300x188.jpg 300w, https:\/\/visitteo.com\/wp-content\/uploads\/2023\/11\/Courtyard-by-Marriott-Sarajevo-1024x640.jpg 1024w, https:\/\/visitteo.com\/wp-content\/uploads\/2023\/11\/Courtyard-by-Marriott-Sarajevo-768x480.jpg 768w\" sizes=\"calc(100vw * var(--container-width) - var(--container-gutter-width)\" \/><\/p>\n<p>A Courtyard Sarajevo modern sz\u00e1llodai szob\u00e1kat \u00e9s lakoszt\u00e1lyokat k\u00edn\u00e1l, verhetetlen helyen a v\u00e1rosk\u00f6zpontban, \u00e9s kiv\u00e1l\u00f3 szolg\u00e1ltat\u00e1st k\u00edn\u00e1l, amely megfelel a Bosznia-Hercegovin\u00e1ba \u00e9rkez\u0151 \u00fczleti \u00e9s szabadid\u0151s l\u00e1togat\u00f3k ig\u00e9nyeinek. K\u00f3stolja meg a k\u00fcl\u00f6nleges kokt\u00e9lokat a pazar, eleg\u00e1ns kialak\u00edt\u00e1s\u00fa S One Sky Lounge-ban, ahonnan leny\u0171g\u00f6z\u0151 kil\u00e1t\u00e1s ny\u00edlik Szarajev\u00f3ra. A sz\u00e1lloda egy 24 \u00f3r\u00e1s fitneszk\u00f6zponttal, egy \u00edzletes \u00e9tteremmel \u00e9s egy k\u00e9nyelmes helysz\u00edni piaccal v\u00e1rja vend\u00e9geit. A v\u00e1rosk\u00f6zpontban elhelyezked\u0151 kiv\u00e1l\u00f3 elhelyezked\u00e9se miatt nem lesz gond a k\u00f6rny\u00e9k felfedez\u00e9s\u00e9vel. A sz\u00e1lloda k\u00f6zel\u00e9ben kiv\u00e1l\u00f3 \u00e9ttermek, \u00fczletek \u00e9s m\u00fazeumok tal\u00e1lhat\u00f3k, \u00e9s csak egy r\u00f6vid t\u00e1vols\u00e1gra van a b\u00e1jos \u00f3v\u00e1rost\u00f3l.<\/p>\n<p class=\"button-link has-icon\"><a href=\"https:\/\/www.booking.com\/hotel\/ba\/courtyard-by-marriott-sarajevo.en.html?aid=7915483&amp;no_rooms=1&amp;group_adults=2\" target=\"_blank\" rel=\"noopener\">Foglaljon itt<\/a><\/p>\n<h2>7. Hotel Holiday Szarajev\u00f3<\/h2>\n<p><img decoding=\"async\" width=\"1200\" height=\"750\" class=\"aligncenter size-full wp-image-30582\" src=\"https:\/\/visitteo.com\/wp-content\/uploads\/2023\/11\/Hotel-Holiday-Sarajevo.jpg\" alt=\"Hotel Holiday Szarajev\u00f3\" srcset=\"https:\/\/visitteo.com\/wp-content\/uploads\/2023\/11\/Hotel-Holiday-Sarajevo.jpg 1200w, https:\/\/visitteo.com\/wp-content\/uploads\/2023\/11\/Hotel-Holiday-Sarajevo-300x188.jpg 300w, https:\/\/visitteo.com\/wp-content\/uploads\/2023\/11\/Hotel-Holiday-Sarajevo-1024x640.jpg 1024w, https:\/\/visitteo.com\/wp-content\/uploads\/2023\/11\/Hotel-Holiday-Sarajevo-768x480.jpg 768w\" sizes=\"calc(100vw * var(--container-width) - var(--container-gutter-width)\" \/><\/p>\n<p>A Holiday sz\u00e1lloda nagy \u00e9s bar\u00e1ts\u00e1gos, modern bels\u0151 kialak\u00edt\u00e1ssal \u00e9s hangulatos l\u00e9gk\u00f6rrel v\u00e1rja vend\u00e9geit. 380 \u00edzl\u00e9sesen berendezett sz\u00e1ll\u00e1st foglal mag\u00e1ba, ebb\u0151l 364 szoba \u00e9s 16 lakoszt\u00e1ly. Ezen k\u00edv\u00fcl edz\u0151terem, k\u00e1v\u00e9z\u00f3 fogad\u00f3, wellness-f\u00fcrd\u0151, cukr\u00e1szda \u00e9s aperit\u00edv b\u00e1r \u00e1ll az \u00d6n rendelkez\u00e9s\u00e9re. A modern \u00e9s a hagyom\u00e1nyos, a k\u00e9nyelem \u00e9s a luxus, \u00e9s ami a legfontosabb, a professzionalizmus \u00e9s a hasznoss\u00e1g eleg\u00e1ns \u00f6tv\u00f6zet\u00e9vel a Holiday hotel ide\u00e1lis az \u00d6n sz\u00e1m\u00e1ra. A gazdag t\u00f6rt\u00e9nelemmel rendelkez\u0151 Hotel Holiday klasszikus eleganci\u00e1j\u00e1val, els\u0151 oszt\u00e1ly\u00fa kiszolg\u00e1l\u00e1s\u00e1val \u00e9s egyedi jellemz\u0151ivel \u00e1mulatba ejti a l\u00e1togat\u00f3kat. E sz\u00e1lloda n\u00e9lk\u00fcl Szarajev\u00f3 legjobb sz\u00e1llod\u00e1inak list\u00e1ja nem lenne teljes.<\/p>\n<p class=\"button-link has-icon\"><a href=\"https:\/\/www.booking.com\/hotel\/ba\/holiday-inn-sarajevo.en.html?aid=7915483&amp;no_rooms=1&amp;group_adults=2\" target=\"_blank\" rel=\"noopener\">Foglaljon itt<\/a><\/p>\n<h2>8. Hotel Koncept Residence<\/h2>\n<p><img decoding=\"async\" width=\"1200\" height=\"750\" class=\"aligncenter size-full wp-image-30593\" src=\"https:\/\/visitteo.com\/wp-content\/uploads\/2023\/11\/Hotel-Koncept-Residence-best-hotels-sarajevo.jpg\" alt=\"Hotel Koncept Residence, a legjobb hotelek szarajev\u00f3ban\" srcset=\"https:\/\/visitteo.com\/wp-content\/uploads\/2023\/11\/Hotel-Koncept-Residence-best-hotels-sarajevo.jpg 1200w, https:\/\/visitteo.com\/wp-content\/uploads\/2023\/11\/Hotel-Koncept-Residence-best-hotels-sarajevo-300x188.jpg 300w, https:\/\/visitteo.com\/wp-content\/uploads\/2023\/11\/Hotel-Koncept-Residence-best-hotels-sarajevo-1024x640.jpg 1024w, https:\/\/visitteo.com\/wp-content\/uploads\/2023\/11\/Hotel-Koncept-Residence-best-hotels-sarajevo-768x480.jpg 768w\" sizes=\"calc(100vw * var(--container-width) - var(--container-gutter-width)\" \/><\/p>\n<p>Szarajev\u00f3 falisz\u0151nyeg\u00e9ben kiemelkedik a Hotel Koncept Residence, a sz\u00e1ll\u00e1s o\u00e1zisa, amely k\u00f6z\u00f6s t\u00e1rsalg\u00f3val, ingyenes priv\u00e1t parkol\u00f3val, t\u00e1gas terasszal \u00e9s gasztron\u00f3miai mened\u00e9kkel v\u00e1rja vend\u00e9geit. A k\u00e9nyelem \u00e9s a luxus harmonikus kever\u00e9ke a Koncept Residence 24 \u00f3r\u00e1s recepci\u00f3val, rept\u00e9ri transzferrel, szobaszervizzel \u00e9s sz\u00e9lesk\u00f6r\u0171 Wi-Fi-vel. A k\u00e9nyelem \u00e9rdek\u00e9ben kialak\u00edtott, l\u00e9gkondicion\u00e1lt szob\u00e1k a k\u00e9nyelem szimf\u00f3ni\u00e1j\u00e1t mutatj\u00e1k be &#8211; gardr\u00f3b, v\u00edzforral\u00f3, h\u0171t\u0151szekr\u00e9ny, sz\u00e9f, s\u00edkk\u00e9perny\u0151s TV \u00e9s bid\u00e9vel d\u00edsz\u00edtett, saj\u00e1t f\u00fcrd\u0151szoba. A gy\u00f6ny\u00f6r\u0171 \u00e1gynem\u0171vel \u00e9s t\u00f6r\u00f6lk\u00f6z\u0151kkel d\u00edsz\u00edtett Hotel Koncept Residence a kifinomult vend\u00e9gszeretetet testes\u00edti meg, \u00e9s kontinent\u00e1lis vagy halal reggelit k\u00edn\u00e1l a Szarajev\u00f3ba \u00e9rkez\u0151 ig\u00e9nyes vend\u00e9gek sz\u00e1m\u00e1ra.<\/p>\n<p class=\"button-link has-icon\"><a href=\"https:\/\/www.booking.com\/hotel\/ba\/koncept-residence.en.html?aid=7915483&amp;no_rooms=1&amp;group_adults=2\" target=\"_blank\" rel=\"noopener\">Foglaljon itt<\/a><\/p>\n<h2>9. Hotel Central Szarajev\u00f3<\/h2>\n<p><img decoding=\"async\" width=\"1200\" height=\"750\" class=\"aligncenter size-full wp-image-30672\" src=\"https:\/\/visitteo.com\/wp-content\/uploads\/2023\/11\/Hotel-Central-Sarajevo-1.jpg\" alt=\"Hotel Central Szarajev\u00f3\" srcset=\"https:\/\/visitteo.com\/wp-content\/uploads\/2023\/11\/Hotel-Central-Sarajevo-1.jpg 1200w, https:\/\/visitteo.com\/wp-content\/uploads\/2023\/11\/Hotel-Central-Sarajevo-1-300x188.jpg 300w, https:\/\/visitteo.com\/wp-content\/uploads\/2023\/11\/Hotel-Central-Sarajevo-1-1024x640.jpg 1024w, https:\/\/visitteo.com\/wp-content\/uploads\/2023\/11\/Hotel-Central-Sarajevo-1-768x480.jpg 768w\" sizes=\"calc(100vw * var(--container-width) - var(--container-gutter-width)\" \/><\/p>\n<p>A szarajev\u00f3i Hotel Central nagyszer\u0171 v\u00e1laszt\u00e1s, ha olyan sz\u00e1ll\u00e1st keres, ahol teljesen kipihenten \u00e9s k\u00e9nyelmesen \u00e9rezheti mag\u00e1t. Ez az ikonikus sz\u00e1lloda alapos fel\u00faj\u00edt\u00e1son esett \u00e1t, hogy a lehet\u0151 legnagyobb sz\u00e1llodai \u00e9lm\u00e9nyben legyen r\u00e9sze \u2013 mindezt a m\u0171v\u00e9szet ihlette. Laz\u00edtson a pazar 25 m\u00e9teres medenc\u00e9ben, \u00e9s maradjon form\u00e1ban a cs\u00facsmin\u0151s\u00e9g\u0171 eg\u00e9szs\u00e9gklubban. K\u00e9nyeztesse mag\u00e1t k\u00fcl\u00f6nf\u00e9le glob\u00e1lis kezel\u00e9sekkel egy d\u00edjnyertes gy\u00f3gyf\u00fcrd\u0151ben, ahol magasan k\u00e9pzett \u00e9s tehets\u00e9ges terapeut\u00e1k dolgoznak. Att\u00f3l a pillanatt\u00f3l kezdve, hogy bel\u00e9p a l\u00e9legzetel\u00e1ll\u00edt\u00f3an gy\u00f6ny\u00f6r\u0171 el\u0151csarnokba \u00e9s a bar\u00e1ts\u00e1gos fogadtat\u00e1sba, eg\u00e9szen addig, am\u00edg ki nem jelentkezik a hihetetlen\u00fcl hangulatos h\u00e1l\u00f3szob\u00e1kb\u00f3l, els\u0151 oszt\u00e1ly\u00fa, vend\u00e9gbar\u00e1t kiszolg\u00e1l\u00e1sban lesz r\u00e9sze.<\/p>\n<p class=\"button-link has-icon\"><a href=\"https:\/\/www.booking.com\/hotel\/ba\/central.en.html?aid=7915483&amp;no_rooms=1&amp;group_adults=2\" target=\"_blank\" rel=\"noopener\">Foglaljon itt<\/a><\/p>\n<h2>10. Hotel Colors Inn<\/h2>\n<p><img decoding=\"async\" width=\"1200\" height=\"750\" class=\"aligncenter size-full wp-image-30549\" src=\"https:\/\/visitteo.com\/wp-content\/uploads\/2023\/11\/Hotel-Colors-Inn-hotels-sarajevo.jpg\" alt=\"Hotel Colors Inn, hotelek Szarajev\u00f3ban\" srcset=\"https:\/\/visitteo.com\/wp-content\/uploads\/2023\/11\/Hotel-Colors-Inn-hotels-sarajevo.jpg 1200w, https:\/\/visitteo.com\/wp-content\/uploads\/2023\/11\/Hotel-Colors-Inn-hotels-sarajevo-300x188.jpg 300w, https:\/\/visitteo.com\/wp-content\/uploads\/2023\/11\/Hotel-Colors-Inn-hotels-sarajevo-1024x640.jpg 1024w, https:\/\/visitteo.com\/wp-content\/uploads\/2023\/11\/Hotel-Colors-Inn-hotels-sarajevo-768x480.jpg 768w\" sizes=\"calc(100vw * var(--container-width) - var(--container-gutter-width)\" \/><\/p>\n<p>A Colors Inn, mindennek kell\u0151s k\u00f6zep\u00e9n, Szarajev\u00f3 vonzerej\u00e9nek igazi reprezent\u00e1ci\u00f3ja. Egy hangulatos osztr\u00e1k-magyar \u00e9p\u00fcletben tal\u00e1lhat\u00f3 a Ko\u0161evo utc\u00e1ban. A sz\u00e1llod\u00e1t a k\u00e9nyelem autentikus o\u00e1zis\u00e1v\u00e1 alak\u00edtotta egy fiatal \u00e9p\u00edt\u00e9sz csapat, akik meg tudt\u00e1k \u0151rizni a v\u00e1ros egyedi \u00e9p\u00edt\u00e9szeti szellemis\u00e9g\u00e9t, mik\u00f6zben v\u00e1rosi r\u00e9szletekkel \u00e9s sz\u00ednekkel gazdag\u00edtott\u00e1k. A f\u00e9ny\u0171z\u0151 Park of Light mind\u00f6ssze n\u00e9h\u00e1ny m\u00e9terre tal\u00e1lhat\u00f3, \u00e9s szinte az \u00f6sszes val\u00f3di szarajev\u00f3i aj\u00e1nlatot k\u00edn\u00e1lja. \u00c9s mindenekel\u0151tt a Hotel Colors In Szarajev\u00f3 egyik legaranyosabb sz\u00e1llod\u00e1ja.<\/p>\n<p class=\"button-link has-icon\"><a href=\"https:\/\/www.booking.com\/hotel\/ba\/colors-inn-sarajevo.en.html?aid=7915483&amp;no_rooms=1&amp;group_adults=2\" target=\"_blank\" rel=\"noopener\">Foglaljon itt<\/a><\/p>\n<h2>Tudjon meg t\u00f6bbet Szarajev\u00f3r\u00f3l<\/h2>\n<p>A Balk\u00e1n \u00f6l\u00e9n megb\u00fav\u00f3 Szarajev\u00f3, Bosznia \u00e9s Hercegovina l\u00fcktet\u0151 f\u0151v\u00e1rosa egy olyan konvergenciapont, ahol Kelet \u00e9s Nyugat bonyolult t\u00e1nca bontakozik ki az id\u0151 k\u00e1rpitj\u00e1n. Az \u201eEur\u00f3pa Jeruzs\u00e1lemje\u201d vagy \u201eA Balk\u00e1n Jeruzs\u00e1lemje\u201d, t\u00f6rt\u00e9nete soksz\u00edn\u0171 kultur\u00e1lis \u00e9s vall\u00e1si v\u00e9n\u00e1kon kereszt\u00fcl visszhangzik.<\/p>\n<p>A kult\u00fara k\u00f6nnyed\u00e9n p\u00f6r\u00f6g \u00e1t a t\u00f6rt\u00e9nelmen, oszm\u00e1n, osztr\u00e1k-magyar \u00e9s jugoszl\u00e1v sz\u00e1lakat sz\u0151ve a pezsg\u0151 v\u00e1rosk\u00e9pbe. Ba\u0161\u010dar\u0161ija minaretjei Sebilj tornyaival t\u00e1ncolnak a m\u00falt \u00e9s a jelen elb\u0171v\u00f6l\u0151 f\u00fazi\u00f3j\u00e1ban. A t\u00f6rt\u00e9nelmi balett k\u00f6zepette az \u00e9let l\u00fcktet a Bascarsija Bazaar \u00e9vsz\u00e1zados kereskedelm\u00e9n \u00e9s a Miljacka foly\u00f3 \u00e9l\u00e9nk foly\u00e1s\u00e1n.<\/p>\n<p>Szarajev\u00f3 nem csak egy meg\u00e1ll\u00f3hely, hanem egy \u00e9l\u0151 narrat\u00edva, amely arra h\u00edvja fel, hogy leh\u00e1mozza sz\u00e1mtalan r\u00e9teg\u00e9t, ahol a t\u00f6rt\u00e9nelem, a kult\u00fara \u00e9s a vonzalom egy \u00f6lel\u00e9sben fon\u00f3dik \u00f6ssze, egyszerre elb\u0171v\u00f6l\u0151 \u00e9s zavar\u00f3. Mer\u00fclj\u00f6n el Szarajev\u00f3 rejt\u00e9ly\u00e9ben, ahol minden k\u0151 mes\u00e9ket suttog.<\/p>\n","protected":false},"excerpt":{"rendered":"<p>A szarajev\u00f3i sz\u00e1llod\u00e1k, mint a v\u00e1ros ny\u00fczsg\u0151 mes\u00e9j\u00e9nek rejtett fejezetei, arra invit\u00e1lj\u00e1k az utaz\u00f3kat, hogy a bosny\u00e1k vend\u00e9gszeretet m\u0171v\u00e9szi alkot\u00e1s\u00e1ban \u00e9ljenek. Szarajev\u00f3 sz\u00edv\u00e9ben, ahol t\u00e1ncol a t\u00f6rt\u00e9nelem \u00e9s a vend\u00e9gl\u00e1t\u00e1s, a sz\u00e1llod\u00e1k nem csup\u00e1n sz\u00e1ll\u00e1slehet\u0151s\u00e9gek \u2013 \u0151k a boszniai kalandok f\u0151szerepl\u0151i. Fedezze fel a Colors Inn b\u00e1jos szimf\u00f3ni\u00e1j\u00e1t a Ko\u0161evo utc\u00e1ban, \u00e9s engedje, hogy a [&hellip;]<\/p>\n","protected":false},"author":3,"featured_media":30521,"comment_status":"closed","ping_status":"closed","sticky":false,"template":"","format":"standard","meta":{"_acf_changed":false,"footnotes":""},"categories":[699],"tags":[],"post-locations":[742],"class_list":["post-31932","post","type-post","status-publish","format-standard","has-post-thumbnail","hentry","category-hotels-hu"],"acf":[],"yoast_head":"<!-- This site is optimized with the Yoast SEO plugin v27.3 - https:\/\/yoast.com\/product\/yoast-seo-wordpress\/ -->\n<title>Sz\u00e1llod\u00e1k Szarajev\u00f3 - A 10 Legjobb Sz\u00e1lloda 2026-ban - Visitteo<\/title>\n<meta name=\"description\" content=\"Sz\u00e1llod\u00e1k Szarajev\u00f3, a szarajev\u00f3i sz\u00e1llod\u00e1k, mint rejtett fejezetek, arra invit\u00e1lj\u00e1k az utaz\u00f3kat, hogy a bosny\u00e1k vend\u00e9gszeretet m\u0171v\u00e9szi alkot\u00e1s\u00e1ban \u00e9ljenek.\" \/>\n<meta name=\"robots\" content=\"index, follow, max-snippet:-1, max-image-preview:large, max-video-preview:-1\" \/>\n<link rel=\"canonical\" href=\"https:\/\/visitteo.com\/hu\/szallodak-szarajevo\/\" \/>\n<meta property=\"og:locale\" content=\"hu_HU\" \/>\n<meta property=\"og:type\" content=\"article\" \/>\n<meta property=\"og:title\" content=\"Sz\u00e1llod\u00e1k Szarajev\u00f3 - A 10 Legjobb Sz\u00e1lloda 2026-ban - Visitteo\" \/>\n<meta property=\"og:description\" content=\"Sz\u00e1llod\u00e1k Szarajev\u00f3, a szarajev\u00f3i sz\u00e1llod\u00e1k, mint rejtett fejezetek, arra invit\u00e1lj\u00e1k az utaz\u00f3kat, hogy a bosny\u00e1k vend\u00e9gszeretet m\u0171v\u00e9szi alkot\u00e1s\u00e1ban \u00e9ljenek.\" \/>\n<meta property=\"og:url\" content=\"https:\/\/visitteo.com\/hu\/szallodak-szarajevo\/\" \/>\n<meta property=\"og:site_name\" content=\"Visitteo\" \/>\n<meta property=\"article:publisher\" content=\"https:\/\/www.facebook.com\/visitteo\/\" \/>\n<meta property=\"article:published_time\" content=\"2023-11-29T16:51:55+00:00\" \/>\n<meta property=\"article:modified_time\" content=\"2024-01-31T17:37:34+00:00\" \/>\n<meta property=\"og:image\" content=\"https:\/\/visitteo.com\/wp-content\/uploads\/2023\/11\/best-hotels-sarajevo.jpg\" \/>\n\t<meta property=\"og:image:width\" content=\"800\" \/>\n\t<meta property=\"og:image:height\" content=\"500\" \/>\n\t<meta property=\"og:image:type\" content=\"image\/jpeg\" \/>\n<meta name=\"author\" content=\"luka\" \/>\n<meta name=\"twitter:card\" content=\"summary_large_image\" \/>\n<meta name=\"twitter:creator\" content=\"@visitteo\" \/>\n<meta name=\"twitter:site\" content=\"@visitteo\" \/>\n<meta name=\"twitter:label1\" content=\"Szerz\u0151:\" \/>\n\t<meta name=\"twitter:data1\" content=\"luka\" \/>\n\t<meta name=\"twitter:label2\" content=\"Becs\u00fclt olvas\u00e1si id\u0151\" \/>\n\t<meta name=\"twitter:data2\" content=\"10 perc\" \/>\n<script type=\"application\/ld+json\" class=\"yoast-schema-graph\">{\"@context\":\"https:\\\/\\\/schema.org\",\"@graph\":[{\"@type\":\"Article\",\"@id\":\"https:\\\/\\\/visitteo.com\\\/hu\\\/szallodak-szarajevo\\\/#article\",\"isPartOf\":{\"@id\":\"https:\\\/\\\/visitteo.com\\\/hu\\\/szallodak-szarajevo\\\/\"},\"author\":{\"name\":\"luka\",\"@id\":\"https:\\\/\\\/visitteo.com\\\/hu\\\/#\\\/schema\\\/person\\\/53238a5be1ba5b918df3b0af050a378f\"},\"headline\":\"Sz\u00e1llod\u00e1k Szarajev\u00f3 &#8211; A 10 legjobb sz\u00e1lloda\",\"datePublished\":\"2023-11-29T16:51:55+00:00\",\"dateModified\":\"2024-01-31T17:37:34+00:00\",\"mainEntityOfPage\":{\"@id\":\"https:\\\/\\\/visitteo.com\\\/hu\\\/szallodak-szarajevo\\\/\"},\"wordCount\":1784,\"publisher\":{\"@id\":\"https:\\\/\\\/visitteo.com\\\/hu\\\/#organization\"},\"image\":{\"@id\":\"https:\\\/\\\/visitteo.com\\\/hu\\\/szallodak-szarajevo\\\/#primaryimage\"},\"thumbnailUrl\":\"https:\\\/\\\/visitteo.com\\\/wp-content\\\/uploads\\\/2023\\\/11\\\/best-hotels-sarajevo.jpg\",\"articleSection\":[\"Sz\u00e1llod\u00e1k\"],\"inLanguage\":\"hu\"},{\"@type\":\"WebPage\",\"@id\":\"https:\\\/\\\/visitteo.com\\\/hu\\\/szallodak-szarajevo\\\/\",\"url\":\"https:\\\/\\\/visitteo.com\\\/hu\\\/szallodak-szarajevo\\\/\",\"name\":\"Sz\u00e1llod\u00e1k Szarajev\u00f3 - A 10 Legjobb Sz\u00e1lloda 2026-ban - Visitteo\",\"isPartOf\":{\"@id\":\"https:\\\/\\\/visitteo.com\\\/hu\\\/#website\"},\"primaryImageOfPage\":{\"@id\":\"https:\\\/\\\/visitteo.com\\\/hu\\\/szallodak-szarajevo\\\/#primaryimage\"},\"image\":{\"@id\":\"https:\\\/\\\/visitteo.com\\\/hu\\\/szallodak-szarajevo\\\/#primaryimage\"},\"thumbnailUrl\":\"https:\\\/\\\/visitteo.com\\\/wp-content\\\/uploads\\\/2023\\\/11\\\/best-hotels-sarajevo.jpg\",\"datePublished\":\"2023-11-29T16:51:55+00:00\",\"dateModified\":\"2024-01-31T17:37:34+00:00\",\"description\":\"Sz\u00e1llod\u00e1k Szarajev\u00f3, a szarajev\u00f3i sz\u00e1llod\u00e1k, mint rejtett fejezetek, arra invit\u00e1lj\u00e1k az utaz\u00f3kat, hogy a bosny\u00e1k vend\u00e9gszeretet m\u0171v\u00e9szi alkot\u00e1s\u00e1ban \u00e9ljenek.\",\"breadcrumb\":{\"@id\":\"https:\\\/\\\/visitteo.com\\\/hu\\\/szallodak-szarajevo\\\/#breadcrumb\"},\"inLanguage\":\"hu\",\"potentialAction\":[{\"@type\":\"ReadAction\",\"target\":[\"https:\\\/\\\/visitteo.com\\\/hu\\\/szallodak-szarajevo\\\/\"]}]},{\"@type\":\"ImageObject\",\"inLanguage\":\"hu\",\"@id\":\"https:\\\/\\\/visitteo.com\\\/hu\\\/szallodak-szarajevo\\\/#primaryimage\",\"url\":\"https:\\\/\\\/visitteo.com\\\/wp-content\\\/uploads\\\/2023\\\/11\\\/best-hotels-sarajevo.jpg\",\"contentUrl\":\"https:\\\/\\\/visitteo.com\\\/wp-content\\\/uploads\\\/2023\\\/11\\\/best-hotels-sarajevo.jpg\",\"width\":800,\"height\":500},{\"@type\":\"BreadcrumbList\",\"@id\":\"https:\\\/\\\/visitteo.com\\\/hu\\\/szallodak-szarajevo\\\/#breadcrumb\",\"itemListElement\":[{\"@type\":\"ListItem\",\"position\":1,\"name\":\"Homepage\",\"item\":\"https:\\\/\\\/visitteo.com\\\/hu\\\/\"},{\"@type\":\"ListItem\",\"position\":2,\"name\":\"Sz\u00e1llod\u00e1k Szarajev\u00f3 &#8211; A 10 legjobb sz\u00e1lloda\"}]},{\"@type\":\"WebSite\",\"@id\":\"https:\\\/\\\/visitteo.com\\\/hu\\\/#website\",\"url\":\"https:\\\/\\\/visitteo.com\\\/hu\\\/\",\"name\":\"Visitteo\",\"description\":\"Visitteo is a metasearch engine for car rental.\",\"publisher\":{\"@id\":\"https:\\\/\\\/visitteo.com\\\/hu\\\/#organization\"},\"potentialAction\":[{\"@type\":\"SearchAction\",\"target\":{\"@type\":\"EntryPoint\",\"urlTemplate\":\"https:\\\/\\\/visitteo.com\\\/hu\\\/?s={search_term_string}\"},\"query-input\":{\"@type\":\"PropertyValueSpecification\",\"valueRequired\":true,\"valueName\":\"search_term_string\"}}],\"inLanguage\":\"hu\"},{\"@type\":\"Organization\",\"@id\":\"https:\\\/\\\/visitteo.com\\\/hu\\\/#organization\",\"name\":\"Visitteo\",\"url\":\"https:\\\/\\\/visitteo.com\\\/hu\\\/\",\"logo\":{\"@type\":\"ImageObject\",\"inLanguage\":\"hu\",\"@id\":\"https:\\\/\\\/visitteo.com\\\/hu\\\/#\\\/schema\\\/logo\\\/image\\\/\",\"url\":\"https:\\\/\\\/visitteo.com\\\/wp-content\\\/uploads\\\/2024\\\/09\\\/organization_logo.png\",\"contentUrl\":\"https:\\\/\\\/visitteo.com\\\/wp-content\\\/uploads\\\/2024\\\/09\\\/organization_logo.png\",\"width\":840,\"height\":840,\"caption\":\"Visitteo\"},\"image\":{\"@id\":\"https:\\\/\\\/visitteo.com\\\/hu\\\/#\\\/schema\\\/logo\\\/image\\\/\"},\"sameAs\":[\"https:\\\/\\\/www.facebook.com\\\/visitteo\\\/\",\"https:\\\/\\\/x.com\\\/visitteo\",\"https:\\\/\\\/www.instagram.com\\\/visitteo\\\/\",\"https:\\\/\\\/www.pinterest.com\\\/visitteo\\\/pins\\\/\"]},{\"@type\":\"Person\",\"@id\":\"https:\\\/\\\/visitteo.com\\\/hu\\\/#\\\/schema\\\/person\\\/53238a5be1ba5b918df3b0af050a378f\",\"name\":\"luka\",\"image\":{\"@type\":\"ImageObject\",\"inLanguage\":\"hu\",\"@id\":\"https:\\\/\\\/secure.gravatar.com\\\/avatar\\\/9a67ac519f01ec189794283addfea686b53e51f9ead55bfa62a9f7e13c241a8a?s=96&d=mm&r=g\",\"url\":\"https:\\\/\\\/secure.gravatar.com\\\/avatar\\\/9a67ac519f01ec189794283addfea686b53e51f9ead55bfa62a9f7e13c241a8a?s=96&d=mm&r=g\",\"contentUrl\":\"https:\\\/\\\/secure.gravatar.com\\\/avatar\\\/9a67ac519f01ec189794283addfea686b53e51f9ead55bfa62a9f7e13c241a8a?s=96&d=mm&r=g\",\"caption\":\"luka\"}}]}<\/script>\n<!-- \/ Yoast SEO plugin. -->","yoast_head_json":{"title":"Sz\u00e1llod\u00e1k Szarajev\u00f3 - A 10 Legjobb Sz\u00e1lloda 2026-ban - Visitteo","description":"Sz\u00e1llod\u00e1k Szarajev\u00f3, a szarajev\u00f3i sz\u00e1llod\u00e1k, mint rejtett fejezetek, arra invit\u00e1lj\u00e1k az utaz\u00f3kat, hogy a bosny\u00e1k vend\u00e9gszeretet m\u0171v\u00e9szi alkot\u00e1s\u00e1ban \u00e9ljenek.","robots":{"index":"index","follow":"follow","max-snippet":"max-snippet:-1","max-image-preview":"max-image-preview:large","max-video-preview":"max-video-preview:-1"},"canonical":"https:\/\/visitteo.com\/hu\/szallodak-szarajevo\/","og_locale":"hu_HU","og_type":"article","og_title":"Sz\u00e1llod\u00e1k Szarajev\u00f3 - A 10 Legjobb Sz\u00e1lloda 2026-ban - Visitteo","og_description":"Sz\u00e1llod\u00e1k Szarajev\u00f3, a szarajev\u00f3i sz\u00e1llod\u00e1k, mint rejtett fejezetek, arra invit\u00e1lj\u00e1k az utaz\u00f3kat, hogy a bosny\u00e1k vend\u00e9gszeretet m\u0171v\u00e9szi alkot\u00e1s\u00e1ban \u00e9ljenek.","og_url":"https:\/\/visitteo.com\/hu\/szallodak-szarajevo\/","og_site_name":"Visitteo","article_publisher":"https:\/\/www.facebook.com\/visitteo\/","article_published_time":"2023-11-29T16:51:55+00:00","article_modified_time":"2024-01-31T17:37:34+00:00","og_image":[{"width":800,"height":500,"url":"https:\/\/visitteo.com\/wp-content\/uploads\/2023\/11\/best-hotels-sarajevo.jpg","type":"image\/jpeg"}],"author":"luka","twitter_card":"summary_large_image","twitter_creator":"@visitteo","twitter_site":"@visitteo","twitter_misc":{"Szerz\u0151:":"luka","Becs\u00fclt olvas\u00e1si id\u0151":"10 perc"},"schema":{"@context":"https:\/\/schema.org","@graph":[{"@type":"Article","@id":"https:\/\/visitteo.com\/hu\/szallodak-szarajevo\/#article","isPartOf":{"@id":"https:\/\/visitteo.com\/hu\/szallodak-szarajevo\/"},"author":{"name":"luka","@id":"https:\/\/visitteo.com\/hu\/#\/schema\/person\/53238a5be1ba5b918df3b0af050a378f"},"headline":"Sz\u00e1llod\u00e1k Szarajev\u00f3 &#8211; A 10 legjobb sz\u00e1lloda","datePublished":"2023-11-29T16:51:55+00:00","dateModified":"2024-01-31T17:37:34+00:00","mainEntityOfPage":{"@id":"https:\/\/visitteo.com\/hu\/szallodak-szarajevo\/"},"wordCount":1784,"publisher":{"@id":"https:\/\/visitteo.com\/hu\/#organization"},"image":{"@id":"https:\/\/visitteo.com\/hu\/szallodak-szarajevo\/#primaryimage"},"thumbnailUrl":"https:\/\/visitteo.com\/wp-content\/uploads\/2023\/11\/best-hotels-sarajevo.jpg","articleSection":["Sz\u00e1llod\u00e1k"],"inLanguage":"hu"},{"@type":"WebPage","@id":"https:\/\/visitteo.com\/hu\/szallodak-szarajevo\/","url":"https:\/\/visitteo.com\/hu\/szallodak-szarajevo\/","name":"Sz\u00e1llod\u00e1k Szarajev\u00f3 - A 10 Legjobb Sz\u00e1lloda 2026-ban - Visitteo","isPartOf":{"@id":"https:\/\/visitteo.com\/hu\/#website"},"primaryImageOfPage":{"@id":"https:\/\/visitteo.com\/hu\/szallodak-szarajevo\/#primaryimage"},"image":{"@id":"https:\/\/visitteo.com\/hu\/szallodak-szarajevo\/#primaryimage"},"thumbnailUrl":"https:\/\/visitteo.com\/wp-content\/uploads\/2023\/11\/best-hotels-sarajevo.jpg","datePublished":"2023-11-29T16:51:55+00:00","dateModified":"2024-01-31T17:37:34+00:00","description":"Sz\u00e1llod\u00e1k Szarajev\u00f3, a szarajev\u00f3i sz\u00e1llod\u00e1k, mint rejtett fejezetek, arra invit\u00e1lj\u00e1k az utaz\u00f3kat, hogy a bosny\u00e1k vend\u00e9gszeretet m\u0171v\u00e9szi alkot\u00e1s\u00e1ban \u00e9ljenek.","breadcrumb":{"@id":"https:\/\/visitteo.com\/hu\/szallodak-szarajevo\/#breadcrumb"},"inLanguage":"hu","potentialAction":[{"@type":"ReadAction","target":["https:\/\/visitteo.com\/hu\/szallodak-szarajevo\/"]}]},{"@type":"ImageObject","inLanguage":"hu","@id":"https:\/\/visitteo.com\/hu\/szallodak-szarajevo\/#primaryimage","url":"https:\/\/visitteo.com\/wp-content\/uploads\/2023\/11\/best-hotels-sarajevo.jpg","contentUrl":"https:\/\/visitteo.com\/wp-content\/uploads\/2023\/11\/best-hotels-sarajevo.jpg","width":800,"height":500},{"@type":"BreadcrumbList","@id":"https:\/\/visitteo.com\/hu\/szallodak-szarajevo\/#breadcrumb","itemListElement":[{"@type":"ListItem","position":1,"name":"Homepage","item":"https:\/\/visitteo.com\/hu\/"},{"@type":"ListItem","position":2,"name":"Sz\u00e1llod\u00e1k Szarajev\u00f3 &#8211; A 10 legjobb sz\u00e1lloda"}]},{"@type":"WebSite","@id":"https:\/\/visitteo.com\/hu\/#website","url":"https:\/\/visitteo.com\/hu\/","name":"Visitteo","description":"Visitteo is a metasearch engine for car rental.","publisher":{"@id":"https:\/\/visitteo.com\/hu\/#organization"},"potentialAction":[{"@type":"SearchAction","target":{"@type":"EntryPoint","urlTemplate":"https:\/\/visitteo.com\/hu\/?s={search_term_string}"},"query-input":{"@type":"PropertyValueSpecification","valueRequired":true,"valueName":"search_term_string"}}],"inLanguage":"hu"},{"@type":"Organization","@id":"https:\/\/visitteo.com\/hu\/#organization","name":"Visitteo","url":"https:\/\/visitteo.com\/hu\/","logo":{"@type":"ImageObject","inLanguage":"hu","@id":"https:\/\/visitteo.com\/hu\/#\/schema\/logo\/image\/","url":"https:\/\/visitteo.com\/wp-content\/uploads\/2024\/09\/organization_logo.png","contentUrl":"https:\/\/visitteo.com\/wp-content\/uploads\/2024\/09\/organization_logo.png","width":840,"height":840,"caption":"Visitteo"},"image":{"@id":"https:\/\/visitteo.com\/hu\/#\/schema\/logo\/image\/"},"sameAs":["https:\/\/www.facebook.com\/visitteo\/","https:\/\/x.com\/visitteo","https:\/\/www.instagram.com\/visitteo\/","https:\/\/www.pinterest.com\/visitteo\/pins\/"]},{"@type":"Person","@id":"https:\/\/visitteo.com\/hu\/#\/schema\/person\/53238a5be1ba5b918df3b0af050a378f","name":"luka","image":{"@type":"ImageObject","inLanguage":"hu","@id":"https:\/\/secure.gravatar.com\/avatar\/9a67ac519f01ec189794283addfea686b53e51f9ead55bfa62a9f7e13c241a8a?s=96&d=mm&r=g","url":"https:\/\/secure.gravatar.com\/avatar\/9a67ac519f01ec189794283addfea686b53e51f9ead55bfa62a9f7e13c241a8a?s=96&d=mm&r=g","contentUrl":"https:\/\/secure.gravatar.com\/avatar\/9a67ac519f01ec189794283addfea686b53e51f9ead55bfa62a9f7e13c241a8a?s=96&d=mm&r=g","caption":"luka"}}]}},"_links":{"self":[{"href":"https:\/\/visitteo.com\/hu\/wp-json\/wp\/v2\/posts\/31932","targetHints":{"allow":["GET"]}}],"collection":[{"href":"https:\/\/visitteo.com\/hu\/wp-json\/wp\/v2\/posts"}],"about":[{"href":"https:\/\/visitteo.com\/hu\/wp-json\/wp\/v2\/types\/post"}],"author":[{"embeddable":true,"href":"https:\/\/visitteo.com\/hu\/wp-json\/wp\/v2\/users\/3"}],"replies":[{"embeddable":true,"href":"https:\/\/visitteo.com\/hu\/wp-json\/wp\/v2\/comments?post=31932"}],"version-history":[{"count":0,"href":"https:\/\/visitteo.com\/hu\/wp-json\/wp\/v2\/posts\/31932\/revisions"}],"wp:featuredmedia":[{"embeddable":true,"href":"https:\/\/visitteo.com\/hu\/wp-json\/wp\/v2\/media\/30521"}],"wp:attachment":[{"href":"https:\/\/visitteo.com\/hu\/wp-json\/wp\/v2\/media?parent=31932"}],"wp:term":[{"taxonomy":"category","embeddable":true,"href":"https:\/\/visitteo.com\/hu\/wp-json\/wp\/v2\/categories?post=31932"},{"taxonomy":"post_tag","embeddable":true,"href":"https:\/\/visitteo.com\/hu\/wp-json\/wp\/v2\/tags?post=31932"},{"taxonomy":"post-location","embeddable":true,"href":"https:\/\/visitteo.com\/hu\/wp-json\/wp\/v2\/post-locations?post=31932"}],"curies":[{"name":"wp","href":"https:\/\/api.w.org\/{rel}","templated":true}]}}