{"id":7847,"date":"2021-09-14T20:33:58","date_gmt":"2021-09-14T18:33:58","guid":{"rendered":"https:\/\/visitteo.com\/13-most-top-rated-beaches-in-croatia\/"},"modified":"2021-12-17T09:30:37","modified_gmt":"2021-12-17T08:30:37","slug":"13-legszebb-strand-horvatorszagban","status":"publish","type":"post","link":"https:\/\/visitteo.com\/hu\/13-legszebb-strand-horvatorszagban\/","title":{"rendered":"13 legszebb strand Horv\u00e1torsz\u00e1gban"},"content":{"rendered":"<blockquote><p>Ha m\u00e1r gy\u00f6ny\u00f6r\u0171 strandokr\u00f3l \u00e1lmodott, \u00e9s arra gondolt, hogy megl\u00e1togat egy egyed\u00fcl\u00e1ll\u00f3 \u00fati c\u00e9lt, tekintse ezt a jel\u00e9nek, hogy Horv\u00e1torsz\u00e1gba jegyet foglaljon. \u00c9rdemes egyszer\u0171en elj\u00f6nni, hogy megcsod\u00e1lja a sok szigetet \u00e9s a pof\u00e1tlan strandokat, de sokkal t\u00f6bbet tal\u00e1l, ha \u00fagy d\u00f6nt, hogy felfedezi ezt a csod\u00e1latos orsz\u00e1got. Horv\u00e1torsz\u00e1g nemcsak t\u00f6bb mint ezer idilli szigetkel b\u00fcszk\u00e9lkedhet partjai ment\u00e9n, hanem Eur\u00f3pa legtiszt\u00e1bb strandjaival is, gy\u00f6ny\u00f6r\u0171 krist\u00e1lytiszta v\u00edzzel. Horv\u00e1torsz\u00e1g legjobb strandjait j\u00f3l elrejti, nehezen el\u00e9rhet\u0151 helyeken \u00e9s apr\u00f3 szigeteken. Itt tal\u00e1lja a legszebb tengerparti helyeket.<\/p><\/blockquote>\n<h2><strong>1. Zlatni Rat strand, Bra\u010d<\/strong><\/h2>\n<p><img decoding=\"async\" class=\"aligncenter wp-image-7804 size-full\" title=\"Zlatni Rat strand, Bra\u010d\" src=\"https:\/\/visitteo.com\/wp-content\/uploads\/2021\/09\/Zlatni-Rat-beach-in-Croatia-island-Brac-Adriatic-Mediterranean.jpg\" alt=\"Zlatni Rat strand, Bra\u010d\" width=\"1200\" height=\"800\" srcset=\"https:\/\/visitteo.com\/wp-content\/uploads\/2021\/09\/Zlatni-Rat-beach-in-Croatia-island-Brac-Adriatic-Mediterranean.jpg 1200w, https:\/\/visitteo.com\/wp-content\/uploads\/2021\/09\/Zlatni-Rat-beach-in-Croatia-island-Brac-Adriatic-Mediterranean-300x200.jpg 300w, https:\/\/visitteo.com\/wp-content\/uploads\/2021\/09\/Zlatni-Rat-beach-in-Croatia-island-Brac-Adriatic-Mediterranean-1024x683.jpg 1024w, https:\/\/visitteo.com\/wp-content\/uploads\/2021\/09\/Zlatni-Rat-beach-in-Croatia-island-Brac-Adriatic-Mediterranean-768x512.jpg 768w\" sizes=\"calc(100vw * var(--container-width) - var(--container-gutter-width)\" \/>Ez val\u00f3sz\u00edn\u0171leg Horv\u00e1torsz\u00e1g legh\u00edresebb strandja, \u00e9s minden elismer\u00e9st meg\u00e9rdemel. Jellemz\u0151 alakja miatt gyakran nevezik Arany-foknak vagy Aranyszarvnak, ez egy dics\u0151s\u00e9gesen arany kavicsos szakasz, amely az Adri\u00e1ba ny\u00falik vissza, alakja az \u00e1rral egy\u00fctt kiss\u00e9 v\u00e1ltozik. A Zlatni Patk\u00e1ny cs\u00facsa folyamatosan v\u00e1ltoztatja alakj\u00e1t a sz\u00e9l, a hull\u00e1mok \u00e9s a tengeri \u00e1ramlatok hat\u00e1s\u00e1ra, \u00edgy m\u00e1snak \u00e9s t\u00f6bbsz\u00f6r \u00e9rdekesnek t\u0171nik.<\/p>\n<h2><strong>2. Nugal strand, Makarska<\/strong><\/h2>\n<p><img decoding=\"async\" class=\"aligncenter wp-image-7694 size-full\" title=\"Nugal strand, Makarska\" src=\"https:\/\/visitteo.com\/wp-content\/uploads\/2021\/09\/Nugal-Beach-in-Croatia-Makarska.jpg\" alt=\"Nugal strand, Makarska\" width=\"1185\" height=\"790\" srcset=\"https:\/\/visitteo.com\/wp-content\/uploads\/2021\/09\/Nugal-Beach-in-Croatia-Makarska.jpg 1185w, https:\/\/visitteo.com\/wp-content\/uploads\/2021\/09\/Nugal-Beach-in-Croatia-Makarska-300x200.jpg 300w, https:\/\/visitteo.com\/wp-content\/uploads\/2021\/09\/Nugal-Beach-in-Croatia-Makarska-1024x683.jpg 1024w, https:\/\/visitteo.com\/wp-content\/uploads\/2021\/09\/Nugal-Beach-in-Croatia-Makarska-768x512.jpg 768w\" sizes=\"calc(100vw * var(--container-width) - var(--container-gutter-width)\" \/>Az egyik gy\u00f6ny\u00f6r\u0171 rejtett strand, amely b\u0151velkedik az Adri\u00e1ban, minden bizonnyal a Nugal strand Makarsk\u00e1ban. Az European Best Destination internetes port\u00e1l Eur\u00f3pa harmadik legszebb strandj\u00e1nak v\u00e1lasztotta 2019 -ben. A Nugal Beach kavicsos strand egy szikl\u00e1s \u00f6b\u00f6lben. K\u00f6ves hegyek, s\u0171r\u0171 n\u00f6v\u00e9nyzet, meleg \u00e9s krist\u00e1lytiszta tenger veszi k\u00f6r\u00fcl. T\u00f6k\u00e9letes hely egy csal\u00e1di nyaral\u00e1shoz, b\u00fav\u00e1rkod\u00e1shoz, szabadt\u00fcd\u0151s mer\u00fcl\u00e9shez \u00e9s a term\u00e9szettel val\u00f3 egys\u00e9ghez. Ez a gy\u00f6ny\u00f6r\u0171 strand a vil\u00e1g legjobb titkos strandjai k\u00f6z\u00e9 tartozik.<\/p>\n<h2><strong>3. Stiniva strand, Vis<\/strong><\/h2>\n<p><img decoding=\"async\" class=\"aligncenter wp-image-7793 size-full\" title=\"Stiniva strand, vis, Horv\u00e1torsz\u00e1g\" src=\"https:\/\/visitteo.com\/wp-content\/uploads\/2021\/09\/Stiniva-Beach-in-Croatia-island-Vis-Adriatic-Mediterranean.jpg\" alt=\"Stiniva strand, vis, Horv\u00e1torsz\u00e1g\" width=\"1200\" height=\"800\" srcset=\"https:\/\/visitteo.com\/wp-content\/uploads\/2021\/09\/Stiniva-Beach-in-Croatia-island-Vis-Adriatic-Mediterranean.jpg 1200w, https:\/\/visitteo.com\/wp-content\/uploads\/2021\/09\/Stiniva-Beach-in-Croatia-island-Vis-Adriatic-Mediterranean-300x200.jpg 300w, https:\/\/visitteo.com\/wp-content\/uploads\/2021\/09\/Stiniva-Beach-in-Croatia-island-Vis-Adriatic-Mediterranean-1024x683.jpg 1024w, https:\/\/visitteo.com\/wp-content\/uploads\/2021\/09\/Stiniva-Beach-in-Croatia-island-Vis-Adriatic-Mediterranean-768x512.jpg 768w\" sizes=\"calc(100vw * var(--container-width) - var(--container-gutter-width)\" \/>1967 \u00f3ta a Stiniva -\u00f6b\u00f6l v\u00e9dett term\u00e9szeti eml\u00e9k Horv\u00e1torsz\u00e1gban, jelent\u0151s t\u00e1jk\u00e9pben. A Stiniva strand a Vis sziget sziget d\u00e9li r\u00e9sz\u00e9n tal\u00e1lhat\u00f3 &#8211; Horv\u00e1torsz\u00e1g legt\u00e1volabbi lakott szigete. A Stiniva -\u00f6b\u00f6l egyed\u00fcl\u00e1ll\u00f3 term\u00e9szeti sz\u00e9ps\u00e9geir\u0151l ismert, magas szikl\u00e1k uralj\u00e1k, amelyek egy kis \u201etengeri bej\u00e1ratot\u201d alkotnak a kavicsos, tiszta t\u00fcrkizk\u00e9k tengerparton. A European Best Destinations turisztikai szervezet szavazta meg Eur\u00f3pa legszebb strandj\u00e1nak.<\/p>\n<h2><strong>4. Dubovica strand, Hvar\u00a0<\/strong><\/h2>\n<p><img decoding=\"async\" class=\"aligncenter wp-image-7815\" title=\"Dubovica strand, Hvar\" src=\"https:\/\/visitteo.com\/wp-content\/uploads\/2021\/09\/Dubovica-Beach-in-Croatia-island-Hvar.jpg\" alt=\"Dubovica, Hvar\" width=\"1200\" height=\"800\" srcset=\"https:\/\/visitteo.com\/wp-content\/uploads\/2021\/09\/Dubovica-Beach-in-Croatia-island-Hvar.jpg 1000w, https:\/\/visitteo.com\/wp-content\/uploads\/2021\/09\/Dubovica-Beach-in-Croatia-island-Hvar-300x200.jpg 300w, https:\/\/visitteo.com\/wp-content\/uploads\/2021\/09\/Dubovica-Beach-in-Croatia-island-Hvar-768x512.jpg 768w\" sizes=\"calc(100vw * var(--container-width) - var(--container-gutter-width)\" \/>Sokak sz\u00e1m\u00e1ra ez a t\u00f6k\u00e9letes \u00f6b\u00f6l. D\u00e9li fekv\u00e9s\u0171, tiszta v\u00edzzel, finom \u00e9tteremmel \u00e9s a kis kavicsos strand ment\u00e9n a fest\u0151i k\u0151\u00e9p\u00fcletek tov\u00e1bbi var\u00e1zst k\u00f6lcs\u00f6n\u00f6znek a v\u00e9dett Dubovica-\u00f6b\u00f6lnek. Annak ellen\u00e9re, hogy Dubovica Hvar egyik legn\u00e9pszer\u0171bb strandja, a p\u00e1ly\u00e1n k\u00edv\u00fcl esik, \u00e9s egy kis t\u00far\u00e1t ig\u00e9nyel. De a t\u00f6rt\u00e9nelmi k\u0151 udvarh\u00e1z\u00e1val, zord tengerpartj\u00e1val \u00e9s tiszta k\u00e9k viz\u00e9vel ez a kavicsos part minden er\u0151fesz\u00edt\u00e9st meg\u00e9r.<\/p>\n<h2><strong>5. Podra\u010de strand, Brela<\/strong><\/h2>\n<p><img decoding=\"async\" class=\"aligncenter wp-image-7738 size-full\" title=\"Podra\u010de strand, Horv\u00e1torsz\u00e1g, Brela\" src=\"https:\/\/visitteo.com\/wp-content\/uploads\/2021\/09\/Podrace-Beach-Croatia-Brela.jpg\" alt=\"Podra\u010de strand, Horv\u00e1torsz\u00e1g, Brela\" width=\"1200\" height=\"800\" srcset=\"https:\/\/visitteo.com\/wp-content\/uploads\/2021\/09\/Podrace-Beach-Croatia-Brela.jpg 1200w, https:\/\/visitteo.com\/wp-content\/uploads\/2021\/09\/Podrace-Beach-Croatia-Brela-300x200.jpg 300w, https:\/\/visitteo.com\/wp-content\/uploads\/2021\/09\/Podrace-Beach-Croatia-Brela-1024x683.jpg 1024w, https:\/\/visitteo.com\/wp-content\/uploads\/2021\/09\/Podrace-Beach-Croatia-Brela-768x512.jpg 768w\" sizes=\"calc(100vw * var(--container-width) - var(--container-gutter-width)\" \/>A Brela -i Podra\u010de strand Horv\u00e1torsz\u00e1g egyik legt\u00f6bbet f\u00e9nyk\u00e9pezett strandja. A strand l\u00e1gy homokr\u00f3l \u00e9s tiszta v\u00edzr\u0151l ismert. Rengeteg turist\u00e1ra, helyiekre \u00e9s csal\u00e1dokra sz\u00e1m\u00edthat. A strand kiss\u00e9 robinson megjelen\u00e9s\u0171, \u00e9rintetlen \u00e9s b\u00e9k\u00e9s, a szikl\u00e1k k\u00f6z\u00e9 rejtve, ez a makarskai rivi\u00e9ra gy\u00f6ngyszeme a nyugalom szimb\u00f3luma, amelyet csak Brel\u00e1ban tal\u00e1l. A kavicsos strand t\u00f6k\u00e9letes v\u00e1laszt\u00e1s kisgyermekes csal\u00e1dok sz\u00e1m\u00e1ra. Biztosak vagyunk benne, hogy elakad a l\u00e9legzete is.<\/p>\n<h2><strong>6. Sakarun strand, Dugi Otok<\/strong><\/h2>\n<p><img decoding=\"async\" class=\"aligncenter wp-image-7749 size-full\" title=\"Sakarun strand, Horv\u00e1torsz\u00e1g\" src=\"https:\/\/visitteo.com\/wp-content\/uploads\/2021\/09\/Sakarun-Beach-island-Dugi-Otok-Croatia.jpg\" alt=\"Sakarun strand, Horv\u00e1torsz\u00e1g\" width=\"1200\" height=\"800\" srcset=\"https:\/\/visitteo.com\/wp-content\/uploads\/2021\/09\/Sakarun-Beach-island-Dugi-Otok-Croatia.jpg 1200w, https:\/\/visitteo.com\/wp-content\/uploads\/2021\/09\/Sakarun-Beach-island-Dugi-Otok-Croatia-300x200.jpg 300w, https:\/\/visitteo.com\/wp-content\/uploads\/2021\/09\/Sakarun-Beach-island-Dugi-Otok-Croatia-1024x683.jpg 1024w, https:\/\/visitteo.com\/wp-content\/uploads\/2021\/09\/Sakarun-Beach-island-Dugi-Otok-Croatia-768x512.jpg 768w\" sizes=\"calc(100vw * var(--container-width) - var(--container-gutter-width)\" \/>A nap el\u0151rehaladt\u00e1val a sz\u00ednek a t\u00fcrkizr\u0151l a smaragdra a tintak\u00e9kre v\u00e1ltoznak ezen a sz\u00e9les, d\u00e9li fekv\u00e9s\u0171 \u00f6b\u00f6lben, csillog\u00f3 feh\u00e9r kavicsos stranddal \u00e9s feny\u0151f\u00e1kkal. Ez Sakarun, a Dugi Otok-sziget \u00e9szaki cs\u00facsa k\u00f6zel\u00e9ben, a gyermekeknek t\u00f6k\u00e9letes strand, homokos tengerfen\u00e9kkel \u00e9s sek\u00e9ly v\u00edzzel-messzire g\u00e1zol a partt\u00f3l, \u00e9s a tenger csak t\u00e9rdig \u00e9r. Ez a finom feh\u00e9r homokos strand m\u00e1r nem bennfentes tipp, de ez az \u00e1lomszer\u0171 \u00f6b\u00f6l m\u00e9g mindig Horv\u00e1torsz\u00e1g egyik legszebb strandja.<\/p>\n<h2><strong>7. Oprna strand, Krk<\/strong><\/h2>\n<p><img decoding=\"async\" class=\"aligncenter wp-image-7705 size-full\" title=\"Oprna strand, Horv\u00e1torsz\u00e1g, Krk\" src=\"https:\/\/visitteo.com\/wp-content\/uploads\/2021\/09\/Oprna-Beach-in-Croatia-island-Krk.jpg\" alt=\"Oprna strand, Horv\u00e1torsz\u00e1g, Krk\" width=\"1200\" height=\"800\" srcset=\"https:\/\/visitteo.com\/wp-content\/uploads\/2021\/09\/Oprna-Beach-in-Croatia-island-Krk.jpg 1200w, https:\/\/visitteo.com\/wp-content\/uploads\/2021\/09\/Oprna-Beach-in-Croatia-island-Krk-300x200.jpg 300w, https:\/\/visitteo.com\/wp-content\/uploads\/2021\/09\/Oprna-Beach-in-Croatia-island-Krk-1024x683.jpg 1024w, https:\/\/visitteo.com\/wp-content\/uploads\/2021\/09\/Oprna-Beach-in-Croatia-island-Krk-768x512.jpg 768w\" sizes=\"calc(100vw * var(--container-width) - var(--container-gutter-width)\" \/>Krk szigete nagyon tiszta tenger\u00e9r\u0151l ismert. K\u00e9k z\u00e1szl\u00f3k sziget\u00e9nek is nevezik, amelyek a tenger tisztas\u00e1g\u00e1t jelk\u00e9pezik. Az Oprna strand a Krk -sziget kedvenc strandja. A k\u00f6r\u00fclbel\u00fcl 120 m\u00e9ter hossz\u00fa \u00f6b\u00f6l krist\u00e1lytiszta vize vonzza a snorkelereket \u00e9s b\u00fav\u00e1rokat erre a n\u00e9pszer\u0171, viszonylag sek\u00e9ly part\u00fa strandra. V\u00edzibicikli -k\u00f6lcs\u00f6nz\u00e9s \u00e9s tengerparti b\u00e1r n\u00e9mi v\u00e1ltozatoss\u00e1got k\u00edn\u00e1l. Napoz\u00f3\u00e1gyak \u00e9s naperny\u0151k b\u00e9relhet\u0151k.<\/p>\n<h2><strong>8. Banje strand, Dubrovnik<\/strong><\/h2>\n<p><img decoding=\"async\" class=\"aligncenter wp-image-7661 size-full\" title=\"banje strand, Horv\u00e1torsz\u00e1g, Dubrovnik\" src=\"https:\/\/visitteo.com\/wp-content\/uploads\/2021\/09\/Banje-Beach-Dubrovnik-Croatia.jpg\" alt=\"banje strand, Horv\u00e1torsz\u00e1g, Dubrovnik\" width=\"1185\" height=\"790\" srcset=\"https:\/\/visitteo.com\/wp-content\/uploads\/2021\/09\/Banje-Beach-Dubrovnik-Croatia.jpg 1185w, https:\/\/visitteo.com\/wp-content\/uploads\/2021\/09\/Banje-Beach-Dubrovnik-Croatia-300x200.jpg 300w, https:\/\/visitteo.com\/wp-content\/uploads\/2021\/09\/Banje-Beach-Dubrovnik-Croatia-1024x683.jpg 1024w, https:\/\/visitteo.com\/wp-content\/uploads\/2021\/09\/Banje-Beach-Dubrovnik-Croatia-768x512.jpg 768w\" sizes=\"calc(100vw * var(--container-width) - var(--container-gutter-width)\" \/>Horv\u00e1torsz\u00e1g egyik legn\u00e9pszer\u0171bb strandja, ha esetleg csak Dubrovnikban val\u00f3 elhelyezked\u00e9se miatt, a Banje strand. K\u00f6zvetlen\u00fcl Dubrovnik v\u00e1rosfalain k\u00edv\u00fcl, ez az \u0151r\u00fclten n\u00e9pszer\u0171 kavicsos strand napoz\u00f3\u00e1gyakkal \u00e9s feh\u00e9r sifonnal bor\u00edtott baldachin \u00e1gyakkal szeg\u00e9lyezett, \u00e9s kil\u00e1t\u00e1st ny\u00fajt a horizonton emelked\u0151 Lokrum z\u00f6ld sziget\u00e9re. Dubrovnik leny\u0171g\u00f6z\u0151 \u00f3v\u00e1rost \u00e9s \u0151si v\u00e1rosfalakat is tartalmaz, valamint helyeket, ahol megm\u00e1rt\u00f3zhat az \u00f3ce\u00e1nban, \u00e9s elt\u00f6lthet egy napot a tengerparton.<\/p>\n<h2><strong>9. Szent J\u00e1nos strand, Cres<\/strong><\/h2>\n<p><strong><img decoding=\"async\" class=\"aligncenter wp-image-7782 size-full\" title=\"Szent J\u00e1nos strand, Cres, Horv\u00e1torsz\u00e1g\" src=\"https:\/\/visitteo.com\/wp-content\/uploads\/2021\/09\/St.-Johns-Beach-island-Cres-Watermelon-Beach.jpg\" alt=\"Szent J\u00e1nos strand, Cres, Horv\u00e1torsz\u00e1g\" width=\"1185\" height=\"790\" srcset=\"https:\/\/visitteo.com\/wp-content\/uploads\/2021\/09\/St.-Johns-Beach-island-Cres-Watermelon-Beach.jpg 1185w, https:\/\/visitteo.com\/wp-content\/uploads\/2021\/09\/St.-Johns-Beach-island-Cres-Watermelon-Beach-300x200.jpg 300w, https:\/\/visitteo.com\/wp-content\/uploads\/2021\/09\/St.-Johns-Beach-island-Cres-Watermelon-Beach-1024x683.jpg 1024w, https:\/\/visitteo.com\/wp-content\/uploads\/2021\/09\/St.-Johns-Beach-island-Cres-Watermelon-Beach-768x512.jpg 768w\" sizes=\"calc(100vw * var(--container-width) - var(--container-gutter-width)\" \/><\/strong>A Szent J\u00e1nos (\u00e9s n\u00e9ha a Lubenice strand) Cres sziget\u00e9n fekszik. Az Isztria -f\u00e9lsziget szigeteinek egyike. A Lubenice falu alatti meredek szikl\u00e1k t\u00f6v\u00e9ben, egy vonz\u00f3 \u00f6b\u00f6lben tal\u00e1lhat\u00f3, 150 m\u00e9teres hossza \u00e9s kavicsos fel\u00fclete v\u00e9dve van az er\u0151s sz\u00e9lt\u0151l, \u00edgy sz\u00f3rakoztat\u00f3 hely a gyerekekkel val\u00f3 \u00fasz\u00e1shoz. Ak\u00e1r 40 percet is ig\u00e9nybe vehet a strand \u00e9s egy \u00f3ra m\u00falva vissza az aut\u00f3j\u00e1hoz.<\/p>\n<h2><strong>10. Szent Jakab strand, Dubrovnik<\/strong><\/h2>\n<p><img decoding=\"async\" class=\"aligncenter wp-image-7771 size-full\" title=\"Szent Jakab strand, Dubrovnik\" src=\"https:\/\/visitteo.com\/wp-content\/uploads\/2021\/09\/St.-Jacob-Beach-Dubrovnik-Croatia.jpg\" alt=\"Szent Jakab strand, Dubrovnik\" width=\"1200\" height=\"800\" srcset=\"https:\/\/visitteo.com\/wp-content\/uploads\/2021\/09\/St.-Jacob-Beach-Dubrovnik-Croatia.jpg 1200w, https:\/\/visitteo.com\/wp-content\/uploads\/2021\/09\/St.-Jacob-Beach-Dubrovnik-Croatia-300x200.jpg 300w, https:\/\/visitteo.com\/wp-content\/uploads\/2021\/09\/St.-Jacob-Beach-Dubrovnik-Croatia-1024x683.jpg 1024w, https:\/\/visitteo.com\/wp-content\/uploads\/2021\/09\/St.-Jacob-Beach-Dubrovnik-Croatia-768x512.jpg 768w\" sizes=\"calc(100vw * var(--container-width) - var(--container-gutter-width)\" \/>A St. Jacob strand, Dubrovnik egyik legszebb strandja, Dubrovnik keleti r\u00e9sz\u00e9n tal\u00e1lhat\u00f3. A Szent Jakab strand egy kilom\u00e9terre tal\u00e1lhat\u00f3 a v\u00e1ros k\u00f6zpontj\u00e1t\u00f3l, egy elszigetelt ter\u00fcleten, a Szent Jakab templom alatt, amelyr\u0151l el is nevezt\u00e9k. Mivel ez egy sz\u00e9p kavicsos strand, t\u00e1volr\u00f3l kil\u00e1t\u00e1ssal Dubrovnik \u00f3v\u00e1ros\u00e1ra, ez egy nagyon n\u00e9pszer\u0171 gy\u0171jt\u0151hely a helyiek k\u00f6r\u00e9ben, k\u00fcl\u00f6n\u00f6sen a ny\u00e1ri h\u00f3napokban.<\/p>\n<h2><strong>11. Pasja\u010da strand, Konavle<\/strong><\/h2>\n<p><img decoding=\"async\" class=\"aligncenter wp-image-7716\" title=\"Pasja\u010da strand, Konavle\" src=\"https:\/\/visitteo.com\/wp-content\/uploads\/2021\/09\/Pasjaca-Beach-Konavle.jpg\" alt=\"Pasja\u010da, Konavle\" width=\"1200\" height=\"800\" srcset=\"https:\/\/visitteo.com\/wp-content\/uploads\/2021\/09\/Pasjaca-Beach-Konavle.jpg 1156w, https:\/\/visitteo.com\/wp-content\/uploads\/2021\/09\/Pasjaca-Beach-Konavle-300x200.jpg 300w, https:\/\/visitteo.com\/wp-content\/uploads\/2021\/09\/Pasjaca-Beach-Konavle-1024x683.jpg 1024w, https:\/\/visitteo.com\/wp-content\/uploads\/2021\/09\/Pasjaca-Beach-Konavle-768x512.jpg 768w\" sizes=\"calc(100vw * var(--container-width) - var(--container-gutter-width)\" \/>A Pasja\u010da strand az Adria egyik legszebb strandja. Ez a homokos strand Konavle -ban tal\u00e1lhat\u00f3, mintegy harminc kilom\u00e9terre Dubrovnikt\u00f3l. A strand nem term\u00e9szetes. Vil\u00e1gh\u00e1bor\u00fa idej\u00e9n k\u00f6vekkel dob\u00e1lt\u00e1k ki, amikor alagutakat \u00e1stak a k\u00f6rnyez\u0151 falvakban. A tenger sz\u00e9tz\u00fazta a szikl\u00e1kat, \u00e9s gy\u00f6ny\u00f6r\u0171 partot alkotott, amely f\u00e9l\u00e9nken kiemelkedik a Konavle -szikl\u00e1k hatalmas szikl\u00e1i al\u00f3l. Sajnos a tengerpart elt\u0171nik, ahogy a tenger sz\u00e9tter\u00edti a homokot.<\/p>\n<h2><strong>12. Pobrizi strand, Vrgada\u00a0<\/strong><\/h2>\n<p><img decoding=\"async\" class=\"aligncenter wp-image-7727 size-full\" title=\"Pobrizi strand\" src=\"https:\/\/visitteo.com\/wp-content\/uploads\/2021\/09\/Pobrizi-Beach-island-Vrgada-Pakostane-Drage-Biograd.jpg\" alt=\"Pobrizi \" width=\"1200\" height=\"800\" srcset=\"https:\/\/visitteo.com\/wp-content\/uploads\/2021\/09\/Pobrizi-Beach-island-Vrgada-Pakostane-Drage-Biograd.jpg 1200w, https:\/\/visitteo.com\/wp-content\/uploads\/2021\/09\/Pobrizi-Beach-island-Vrgada-Pakostane-Drage-Biograd-300x200.jpg 300w, https:\/\/visitteo.com\/wp-content\/uploads\/2021\/09\/Pobrizi-Beach-island-Vrgada-Pakostane-Drage-Biograd-1024x683.jpg 1024w, https:\/\/visitteo.com\/wp-content\/uploads\/2021\/09\/Pobrizi-Beach-island-Vrgada-Pakostane-Drage-Biograd-768x512.jpg 768w\" sizes=\"calc(100vw * var(--container-width) - var(--container-gutter-width)\" \/>Vrgada szigete Horv\u00e1torsz\u00e1g egyik legszebb strandj\u00e1t rejti. A h\u00edres Aranypart sok var\u00e1zst rejt. A helyiek Pobrizi strandnak h\u00edvj\u00e1k. A Pobrizi strand a Pakostane Rivi\u00e9ra egyik legh\u00edresebb homokos strandja. Ez a gy\u00f6ny\u00f6r\u0171 tengerpart meredek szikl\u00e1k m\u00f6g\u00f6tt tal\u00e1lhat\u00f3, \u00e9s csak akkor \u00e9rheti el, ha lemegy egy nagyon meredek l\u00e9pcs\u0151n, amelyet a szikl\u00e1ba v\u00e1gnak, vagy egy kis keskeny \u00f6sv\u00e9nyen, amely feny\u0151erd\u0151n halad kereszt\u00fcl.<\/p>\n<h2><strong>13. Skala strand, Hvar<\/strong><\/h2>\n<p><img decoding=\"async\" width=\"1200\" height=\"800\" class=\"aligncenter size-full wp-image-10882\" src=\"https:\/\/visitteo.com\/wp-content\/uploads\/2021\/09\/beach-croatia-sunset.jpg\" alt=\"\" srcset=\"https:\/\/visitteo.com\/wp-content\/uploads\/2021\/09\/beach-croatia-sunset.jpg 1200w, https:\/\/visitteo.com\/wp-content\/uploads\/2021\/09\/beach-croatia-sunset-300x200.jpg 300w, https:\/\/visitteo.com\/wp-content\/uploads\/2021\/09\/beach-croatia-sunset-1024x683.jpg 1024w, https:\/\/visitteo.com\/wp-content\/uploads\/2021\/09\/beach-croatia-sunset-768x512.jpg 768w\" sizes=\"calc(100vw * var(--container-width) - var(--container-gutter-width)\" \/>A Skala strand Sveta Nedilja keleti partj\u00e1n tal\u00e1lhat\u00f3, \u00e9s gyalog vagy ker\u00e9kp\u00e1rral k\u00f6nnyen megk\u00f6zel\u00edthet\u0151. A k\u00f6zelben nincs nyilv\u00e1nos parkol\u00f3hely, \u00e9s a ny\u00e1ri h\u00f3napokban a strand teljesen megtelt. A tiszta tenger vonzza a vend\u00e9geket Hvar sziget\u00e9nek m\u00e1s pontjair\u00f3l. A Skala strandot nagy k\u0151t\u00f6mb\u00f6k \u00e9s szikl\u00e1k veszik k\u00f6r\u00fcl. Ha eleget napozott, ugorhat a v\u00edzbe \u00e9s leh\u0171lhet.<\/p>\n<p>&nbsp;<\/p>\n<p>A <a href=\"https:\/\/visitteo.com\/hu\/\" target=\"_blank\" rel=\"noopener noreferrer\">Visitteo<\/a> -ban olyan helyeken tal\u00e1lhat sz\u00e1ll\u00e1st, ahol ezek a strandok tal\u00e1lhat\u00f3k. Hasonl\u00edtsa \u00f6ssze a sz\u00e1llod\u00e1k, apartmanok, szob\u00e1k, st\u00fadi\u00f3k, vill\u00e1k \u00e9s sok m\u00e1s t\u00edpus\u00fa sz\u00e1ll\u00e1s \u00e1rait.<\/p>\n<p>Fedezze fel Horv\u00e1torsz\u00e1got, inspir\u00e1l\u00f3djon, \u00e9s tal\u00e1ljon \u00e9rdekes \u00fati c\u00e9lokat k\u00f6z\u00f6ss\u00e9gi h\u00e1l\u00f3inkon &#8211; <a href=\"https:\/\/www.instagram.com\/visitteo\/\" target=\"_blank\" rel=\"noopener noreferrer\">Instagram<\/a>,\u00a0<a href=\"https:\/\/www.facebook.com\/visitteo\" target=\"_blank\" rel=\"noopener noreferrer\">Facebook<\/a>,\u00a0<a href=\"https:\/\/twitter.com\/visitteo\" target=\"_blank\" rel=\"noopener noreferrer\">Twitter<\/a> \u00e9s <a href=\"https:\/\/www.youtube.com\/channel\/UCbtUWjbBPW-hHoCqVIhG8YQ\" target=\"_blank\" rel=\"noopener noreferrer\">YouTube<\/a><\/p>\n<p>&nbsp;<\/p>\n<p>&nbsp;<\/p>\n","protected":false},"excerpt":{"rendered":"<p>Ha m\u00e1r gy\u00f6ny\u00f6r\u0171 strandokr\u00f3l \u00e1lmodott, \u00e9s arra gondolt, hogy megl\u00e1togat egy egyed\u00fcl\u00e1ll\u00f3 \u00fati c\u00e9lt, tekintse ezt a jel\u00e9nek, hogy Horv\u00e1torsz\u00e1gba jegyet foglaljon. \u00c9rdemes egyszer\u0171en elj\u00f6nni, hogy megcsod\u00e1lja a sok szigetet \u00e9s a pof\u00e1tlan strandokat, de sokkal t\u00f6bbet tal\u00e1l, ha \u00fagy d\u00f6nt, hogy felfedezi ezt a csod\u00e1latos orsz\u00e1got. Horv\u00e1torsz\u00e1g nemcsak t\u00f6bb mint ezer idilli szigetkel b\u00fcszk\u00e9lkedhet [&hellip;]<\/p>\n","protected":false},"author":3,"featured_media":7683,"comment_status":"closed","ping_status":"closed","sticky":false,"template":"","format":"standard","meta":{"_acf_changed":false,"footnotes":""},"categories":[42],"tags":[106,107,108,109],"post-locations":[],"class_list":["post-7847","post","type-post","status-publish","format-standard","has-post-thumbnail","hentry","category-villak-hu","tag-adriatic-hu","tag-beaches-hu","tag-croatia-hu","tag-mediterranean-hu"],"acf":[],"yoast_head":"<!-- This site is optimized with the Yoast SEO plugin v27.3 - https:\/\/yoast.com\/product\/yoast-seo-wordpress\/ -->\n<title>13 Legszebb Strand Horv\u00e1torsz\u00e1gban - Visitteo<\/title>\n<meta name=\"description\" content=\"13 Legszebb Strand Horv\u00e1torsz\u00e1gban. Horv\u00e1torsz\u00e1g legjobb strandjait j\u00f3l elrejti. Itt tal\u00e1lja a legszebb tengerparti helyeket.\" \/>\n<meta name=\"robots\" content=\"index, follow, max-snippet:-1, max-image-preview:large, max-video-preview:-1\" \/>\n<link rel=\"canonical\" href=\"https:\/\/visitteo.com\/hu\/13-legszebb-strand-horvatorszagban\/\" \/>\n<meta property=\"og:locale\" content=\"hu_HU\" \/>\n<meta property=\"og:type\" content=\"article\" \/>\n<meta property=\"og:title\" content=\"13 Legszebb Strand Horv\u00e1torsz\u00e1gban - Visitteo\" \/>\n<meta property=\"og:description\" content=\"13 Legszebb Strand Horv\u00e1torsz\u00e1gban. Horv\u00e1torsz\u00e1g legjobb strandjait j\u00f3l elrejti. Itt tal\u00e1lja a legszebb tengerparti helyeket.\" \/>\n<meta property=\"og:url\" content=\"https:\/\/visitteo.com\/hu\/13-legszebb-strand-horvatorszagban\/\" \/>\n<meta property=\"og:site_name\" content=\"Visitteo\" \/>\n<meta property=\"article:publisher\" content=\"https:\/\/www.facebook.com\/visitteo\/\" \/>\n<meta property=\"article:published_time\" content=\"2021-09-14T18:33:58+00:00\" \/>\n<meta property=\"article:modified_time\" content=\"2021-12-17T08:30:37+00:00\" \/>\n<meta property=\"og:image\" content=\"https:\/\/visitteo.com\/wp-content\/uploads\/2021\/09\/naslovna02.jpg\" \/>\n\t<meta property=\"og:image:width\" content=\"600\" \/>\n\t<meta property=\"og:image:height\" content=\"400\" \/>\n\t<meta property=\"og:image:type\" content=\"image\/jpeg\" \/>\n<meta name=\"author\" content=\"luka\" \/>\n<meta name=\"twitter:card\" content=\"summary_large_image\" \/>\n<meta name=\"twitter:creator\" content=\"@visitteo\" \/>\n<meta name=\"twitter:site\" content=\"@visitteo\" \/>\n<meta name=\"twitter:label1\" content=\"Szerz\u0151:\" \/>\n\t<meta name=\"twitter:data1\" content=\"luka\" \/>\n\t<meta name=\"twitter:label2\" content=\"Becs\u00fclt olvas\u00e1si id\u0151\" \/>\n\t<meta name=\"twitter:data2\" content=\"7 perc\" \/>\n<script type=\"application\/ld+json\" class=\"yoast-schema-graph\">{\"@context\":\"https:\\\/\\\/schema.org\",\"@graph\":[{\"@type\":\"Article\",\"@id\":\"https:\\\/\\\/visitteo.com\\\/hu\\\/13-legszebb-strand-horvatorszagban\\\/#article\",\"isPartOf\":{\"@id\":\"https:\\\/\\\/visitteo.com\\\/hu\\\/13-legszebb-strand-horvatorszagban\\\/\"},\"author\":{\"name\":\"luka\",\"@id\":\"https:\\\/\\\/visitteo.com\\\/hu\\\/#\\\/schema\\\/person\\\/53238a5be1ba5b918df3b0af050a378f\"},\"headline\":\"13 legszebb strand Horv\u00e1torsz\u00e1gban\",\"datePublished\":\"2021-09-14T18:33:58+00:00\",\"dateModified\":\"2021-12-17T08:30:37+00:00\",\"mainEntityOfPage\":{\"@id\":\"https:\\\/\\\/visitteo.com\\\/hu\\\/13-legszebb-strand-horvatorszagban\\\/\"},\"wordCount\":1410,\"publisher\":{\"@id\":\"https:\\\/\\\/visitteo.com\\\/hu\\\/#organization\"},\"image\":{\"@id\":\"https:\\\/\\\/visitteo.com\\\/hu\\\/13-legszebb-strand-horvatorszagban\\\/#primaryimage\"},\"thumbnailUrl\":\"https:\\\/\\\/visitteo.com\\\/wp-content\\\/uploads\\\/2021\\\/09\\\/naslovna02.jpg\",\"keywords\":[\"adriatic\",\"beaches\",\"croatia\",\"Mediterranean\"],\"articleSection\":[\"Vill\u00e1k\"],\"inLanguage\":\"hu\"},{\"@type\":\"WebPage\",\"@id\":\"https:\\\/\\\/visitteo.com\\\/hu\\\/13-legszebb-strand-horvatorszagban\\\/\",\"url\":\"https:\\\/\\\/visitteo.com\\\/hu\\\/13-legszebb-strand-horvatorszagban\\\/\",\"name\":\"13 Legszebb Strand Horv\u00e1torsz\u00e1gban - Visitteo\",\"isPartOf\":{\"@id\":\"https:\\\/\\\/visitteo.com\\\/hu\\\/#website\"},\"primaryImageOfPage\":{\"@id\":\"https:\\\/\\\/visitteo.com\\\/hu\\\/13-legszebb-strand-horvatorszagban\\\/#primaryimage\"},\"image\":{\"@id\":\"https:\\\/\\\/visitteo.com\\\/hu\\\/13-legszebb-strand-horvatorszagban\\\/#primaryimage\"},\"thumbnailUrl\":\"https:\\\/\\\/visitteo.com\\\/wp-content\\\/uploads\\\/2021\\\/09\\\/naslovna02.jpg\",\"datePublished\":\"2021-09-14T18:33:58+00:00\",\"dateModified\":\"2021-12-17T08:30:37+00:00\",\"description\":\"13 Legszebb Strand Horv\u00e1torsz\u00e1gban. Horv\u00e1torsz\u00e1g legjobb strandjait j\u00f3l elrejti. Itt tal\u00e1lja a legszebb tengerparti helyeket.\",\"breadcrumb\":{\"@id\":\"https:\\\/\\\/visitteo.com\\\/hu\\\/13-legszebb-strand-horvatorszagban\\\/#breadcrumb\"},\"inLanguage\":\"hu\",\"potentialAction\":[{\"@type\":\"ReadAction\",\"target\":[\"https:\\\/\\\/visitteo.com\\\/hu\\\/13-legszebb-strand-horvatorszagban\\\/\"]}]},{\"@type\":\"ImageObject\",\"inLanguage\":\"hu\",\"@id\":\"https:\\\/\\\/visitteo.com\\\/hu\\\/13-legszebb-strand-horvatorszagban\\\/#primaryimage\",\"url\":\"https:\\\/\\\/visitteo.com\\\/wp-content\\\/uploads\\\/2021\\\/09\\\/naslovna02.jpg\",\"contentUrl\":\"https:\\\/\\\/visitteo.com\\\/wp-content\\\/uploads\\\/2021\\\/09\\\/naslovna02.jpg\",\"width\":600,\"height\":400},{\"@type\":\"BreadcrumbList\",\"@id\":\"https:\\\/\\\/visitteo.com\\\/hu\\\/13-legszebb-strand-horvatorszagban\\\/#breadcrumb\",\"itemListElement\":[{\"@type\":\"ListItem\",\"position\":1,\"name\":\"Homepage\",\"item\":\"https:\\\/\\\/visitteo.com\\\/hu\\\/\"},{\"@type\":\"ListItem\",\"position\":2,\"name\":\"13 legszebb strand Horv\u00e1torsz\u00e1gban\"}]},{\"@type\":\"WebSite\",\"@id\":\"https:\\\/\\\/visitteo.com\\\/hu\\\/#website\",\"url\":\"https:\\\/\\\/visitteo.com\\\/hu\\\/\",\"name\":\"Visitteo\",\"description\":\"Visitteo is a metasearch engine for car rental.\",\"publisher\":{\"@id\":\"https:\\\/\\\/visitteo.com\\\/hu\\\/#organization\"},\"potentialAction\":[{\"@type\":\"SearchAction\",\"target\":{\"@type\":\"EntryPoint\",\"urlTemplate\":\"https:\\\/\\\/visitteo.com\\\/hu\\\/?s={search_term_string}\"},\"query-input\":{\"@type\":\"PropertyValueSpecification\",\"valueRequired\":true,\"valueName\":\"search_term_string\"}}],\"inLanguage\":\"hu\"},{\"@type\":\"Organization\",\"@id\":\"https:\\\/\\\/visitteo.com\\\/hu\\\/#organization\",\"name\":\"Visitteo\",\"url\":\"https:\\\/\\\/visitteo.com\\\/hu\\\/\",\"logo\":{\"@type\":\"ImageObject\",\"inLanguage\":\"hu\",\"@id\":\"https:\\\/\\\/visitteo.com\\\/hu\\\/#\\\/schema\\\/logo\\\/image\\\/\",\"url\":\"https:\\\/\\\/visitteo.com\\\/wp-content\\\/uploads\\\/2024\\\/09\\\/organization_logo.png\",\"contentUrl\":\"https:\\\/\\\/visitteo.com\\\/wp-content\\\/uploads\\\/2024\\\/09\\\/organization_logo.png\",\"width\":840,\"height\":840,\"caption\":\"Visitteo\"},\"image\":{\"@id\":\"https:\\\/\\\/visitteo.com\\\/hu\\\/#\\\/schema\\\/logo\\\/image\\\/\"},\"sameAs\":[\"https:\\\/\\\/www.facebook.com\\\/visitteo\\\/\",\"https:\\\/\\\/x.com\\\/visitteo\",\"https:\\\/\\\/www.instagram.com\\\/visitteo\\\/\",\"https:\\\/\\\/www.pinterest.com\\\/visitteo\\\/pins\\\/\"]},{\"@type\":\"Person\",\"@id\":\"https:\\\/\\\/visitteo.com\\\/hu\\\/#\\\/schema\\\/person\\\/53238a5be1ba5b918df3b0af050a378f\",\"name\":\"luka\",\"image\":{\"@type\":\"ImageObject\",\"inLanguage\":\"hu\",\"@id\":\"https:\\\/\\\/secure.gravatar.com\\\/avatar\\\/9a67ac519f01ec189794283addfea686b53e51f9ead55bfa62a9f7e13c241a8a?s=96&d=mm&r=g\",\"url\":\"https:\\\/\\\/secure.gravatar.com\\\/avatar\\\/9a67ac519f01ec189794283addfea686b53e51f9ead55bfa62a9f7e13c241a8a?s=96&d=mm&r=g\",\"contentUrl\":\"https:\\\/\\\/secure.gravatar.com\\\/avatar\\\/9a67ac519f01ec189794283addfea686b53e51f9ead55bfa62a9f7e13c241a8a?s=96&d=mm&r=g\",\"caption\":\"luka\"}}]}<\/script>\n<!-- \/ Yoast SEO plugin. -->","yoast_head_json":{"title":"13 Legszebb Strand Horv\u00e1torsz\u00e1gban - Visitteo","description":"13 Legszebb Strand Horv\u00e1torsz\u00e1gban. Horv\u00e1torsz\u00e1g legjobb strandjait j\u00f3l elrejti. Itt tal\u00e1lja a legszebb tengerparti helyeket.","robots":{"index":"index","follow":"follow","max-snippet":"max-snippet:-1","max-image-preview":"max-image-preview:large","max-video-preview":"max-video-preview:-1"},"canonical":"https:\/\/visitteo.com\/hu\/13-legszebb-strand-horvatorszagban\/","og_locale":"hu_HU","og_type":"article","og_title":"13 Legszebb Strand Horv\u00e1torsz\u00e1gban - Visitteo","og_description":"13 Legszebb Strand Horv\u00e1torsz\u00e1gban. Horv\u00e1torsz\u00e1g legjobb strandjait j\u00f3l elrejti. Itt tal\u00e1lja a legszebb tengerparti helyeket.","og_url":"https:\/\/visitteo.com\/hu\/13-legszebb-strand-horvatorszagban\/","og_site_name":"Visitteo","article_publisher":"https:\/\/www.facebook.com\/visitteo\/","article_published_time":"2021-09-14T18:33:58+00:00","article_modified_time":"2021-12-17T08:30:37+00:00","og_image":[{"width":600,"height":400,"url":"https:\/\/visitteo.com\/wp-content\/uploads\/2021\/09\/naslovna02.jpg","type":"image\/jpeg"}],"author":"luka","twitter_card":"summary_large_image","twitter_creator":"@visitteo","twitter_site":"@visitteo","twitter_misc":{"Szerz\u0151:":"luka","Becs\u00fclt olvas\u00e1si id\u0151":"7 perc"},"schema":{"@context":"https:\/\/schema.org","@graph":[{"@type":"Article","@id":"https:\/\/visitteo.com\/hu\/13-legszebb-strand-horvatorszagban\/#article","isPartOf":{"@id":"https:\/\/visitteo.com\/hu\/13-legszebb-strand-horvatorszagban\/"},"author":{"name":"luka","@id":"https:\/\/visitteo.com\/hu\/#\/schema\/person\/53238a5be1ba5b918df3b0af050a378f"},"headline":"13 legszebb strand Horv\u00e1torsz\u00e1gban","datePublished":"2021-09-14T18:33:58+00:00","dateModified":"2021-12-17T08:30:37+00:00","mainEntityOfPage":{"@id":"https:\/\/visitteo.com\/hu\/13-legszebb-strand-horvatorszagban\/"},"wordCount":1410,"publisher":{"@id":"https:\/\/visitteo.com\/hu\/#organization"},"image":{"@id":"https:\/\/visitteo.com\/hu\/13-legszebb-strand-horvatorszagban\/#primaryimage"},"thumbnailUrl":"https:\/\/visitteo.com\/wp-content\/uploads\/2021\/09\/naslovna02.jpg","keywords":["adriatic","beaches","croatia","Mediterranean"],"articleSection":["Vill\u00e1k"],"inLanguage":"hu"},{"@type":"WebPage","@id":"https:\/\/visitteo.com\/hu\/13-legszebb-strand-horvatorszagban\/","url":"https:\/\/visitteo.com\/hu\/13-legszebb-strand-horvatorszagban\/","name":"13 Legszebb Strand Horv\u00e1torsz\u00e1gban - Visitteo","isPartOf":{"@id":"https:\/\/visitteo.com\/hu\/#website"},"primaryImageOfPage":{"@id":"https:\/\/visitteo.com\/hu\/13-legszebb-strand-horvatorszagban\/#primaryimage"},"image":{"@id":"https:\/\/visitteo.com\/hu\/13-legszebb-strand-horvatorszagban\/#primaryimage"},"thumbnailUrl":"https:\/\/visitteo.com\/wp-content\/uploads\/2021\/09\/naslovna02.jpg","datePublished":"2021-09-14T18:33:58+00:00","dateModified":"2021-12-17T08:30:37+00:00","description":"13 Legszebb Strand Horv\u00e1torsz\u00e1gban. Horv\u00e1torsz\u00e1g legjobb strandjait j\u00f3l elrejti. Itt tal\u00e1lja a legszebb tengerparti helyeket.","breadcrumb":{"@id":"https:\/\/visitteo.com\/hu\/13-legszebb-strand-horvatorszagban\/#breadcrumb"},"inLanguage":"hu","potentialAction":[{"@type":"ReadAction","target":["https:\/\/visitteo.com\/hu\/13-legszebb-strand-horvatorszagban\/"]}]},{"@type":"ImageObject","inLanguage":"hu","@id":"https:\/\/visitteo.com\/hu\/13-legszebb-strand-horvatorszagban\/#primaryimage","url":"https:\/\/visitteo.com\/wp-content\/uploads\/2021\/09\/naslovna02.jpg","contentUrl":"https:\/\/visitteo.com\/wp-content\/uploads\/2021\/09\/naslovna02.jpg","width":600,"height":400},{"@type":"BreadcrumbList","@id":"https:\/\/visitteo.com\/hu\/13-legszebb-strand-horvatorszagban\/#breadcrumb","itemListElement":[{"@type":"ListItem","position":1,"name":"Homepage","item":"https:\/\/visitteo.com\/hu\/"},{"@type":"ListItem","position":2,"name":"13 legszebb strand Horv\u00e1torsz\u00e1gban"}]},{"@type":"WebSite","@id":"https:\/\/visitteo.com\/hu\/#website","url":"https:\/\/visitteo.com\/hu\/","name":"Visitteo","description":"Visitteo is a metasearch engine for car rental.","publisher":{"@id":"https:\/\/visitteo.com\/hu\/#organization"},"potentialAction":[{"@type":"SearchAction","target":{"@type":"EntryPoint","urlTemplate":"https:\/\/visitteo.com\/hu\/?s={search_term_string}"},"query-input":{"@type":"PropertyValueSpecification","valueRequired":true,"valueName":"search_term_string"}}],"inLanguage":"hu"},{"@type":"Organization","@id":"https:\/\/visitteo.com\/hu\/#organization","name":"Visitteo","url":"https:\/\/visitteo.com\/hu\/","logo":{"@type":"ImageObject","inLanguage":"hu","@id":"https:\/\/visitteo.com\/hu\/#\/schema\/logo\/image\/","url":"https:\/\/visitteo.com\/wp-content\/uploads\/2024\/09\/organization_logo.png","contentUrl":"https:\/\/visitteo.com\/wp-content\/uploads\/2024\/09\/organization_logo.png","width":840,"height":840,"caption":"Visitteo"},"image":{"@id":"https:\/\/visitteo.com\/hu\/#\/schema\/logo\/image\/"},"sameAs":["https:\/\/www.facebook.com\/visitteo\/","https:\/\/x.com\/visitteo","https:\/\/www.instagram.com\/visitteo\/","https:\/\/www.pinterest.com\/visitteo\/pins\/"]},{"@type":"Person","@id":"https:\/\/visitteo.com\/hu\/#\/schema\/person\/53238a5be1ba5b918df3b0af050a378f","name":"luka","image":{"@type":"ImageObject","inLanguage":"hu","@id":"https:\/\/secure.gravatar.com\/avatar\/9a67ac519f01ec189794283addfea686b53e51f9ead55bfa62a9f7e13c241a8a?s=96&d=mm&r=g","url":"https:\/\/secure.gravatar.com\/avatar\/9a67ac519f01ec189794283addfea686b53e51f9ead55bfa62a9f7e13c241a8a?s=96&d=mm&r=g","contentUrl":"https:\/\/secure.gravatar.com\/avatar\/9a67ac519f01ec189794283addfea686b53e51f9ead55bfa62a9f7e13c241a8a?s=96&d=mm&r=g","caption":"luka"}}]}},"_links":{"self":[{"href":"https:\/\/visitteo.com\/hu\/wp-json\/wp\/v2\/posts\/7847","targetHints":{"allow":["GET"]}}],"collection":[{"href":"https:\/\/visitteo.com\/hu\/wp-json\/wp\/v2\/posts"}],"about":[{"href":"https:\/\/visitteo.com\/hu\/wp-json\/wp\/v2\/types\/post"}],"author":[{"embeddable":true,"href":"https:\/\/visitteo.com\/hu\/wp-json\/wp\/v2\/users\/3"}],"replies":[{"embeddable":true,"href":"https:\/\/visitteo.com\/hu\/wp-json\/wp\/v2\/comments?post=7847"}],"version-history":[{"count":0,"href":"https:\/\/visitteo.com\/hu\/wp-json\/wp\/v2\/posts\/7847\/revisions"}],"wp:featuredmedia":[{"embeddable":true,"href":"https:\/\/visitteo.com\/hu\/wp-json\/wp\/v2\/media\/7683"}],"wp:attachment":[{"href":"https:\/\/visitteo.com\/hu\/wp-json\/wp\/v2\/media?parent=7847"}],"wp:term":[{"taxonomy":"category","embeddable":true,"href":"https:\/\/visitteo.com\/hu\/wp-json\/wp\/v2\/categories?post=7847"},{"taxonomy":"post_tag","embeddable":true,"href":"https:\/\/visitteo.com\/hu\/wp-json\/wp\/v2\/tags?post=7847"},{"taxonomy":"post-location","embeddable":true,"href":"https:\/\/visitteo.com\/hu\/wp-json\/wp\/v2\/post-locations?post=7847"}],"curies":[{"name":"wp","href":"https:\/\/api.w.org\/{rel}","templated":true}]}}