{"id":10833,"date":"2021-12-15T08:18:56","date_gmt":"2021-12-15T07:18:56","guid":{"rendered":"https:\/\/visitteo.com\/lake-vrana-nature-park-with-sea-view\/"},"modified":"2021-12-15T15:24:39","modified_gmt":"2021-12-15T14:24:39","slug":"vranske-jazero-prirodny-park-s-vyhladom-na-more","status":"publish","type":"post","link":"https:\/\/visitteo.com\/sk\/vranske-jazero-prirodny-park-s-vyhladom-na-more\/","title":{"rendered":"Vransk\u00e9 jazero &#8211; Pr\u00edrodn\u00fd park s v\u00fdh\u013eadom na more"},"content":{"rendered":"<blockquote><p>M\u00e1lokedy pr\u00edroda poskytuje \u013eu\u010fom to\u013eko pote\u0161enia ako Vransk\u00e9 jazero, najv\u00e4\u010d\u0161ie pr\u00edrodn\u00e9 jazero v Chorv\u00e1tsku. Ak uprednost\u0148ujete fyzicky menej n\u00e1ro\u010dn\u00fd sp\u00f4sob u\u017e\u00edvania si sveta pr\u00edrody, Vransk\u00e9 jazero je pre v\u00e1s t\u00fdm prav\u00fdm miestom. Jazero sa nach\u00e1dza v bezprostrednej bl\u00edzkosti Jadransk\u00e9ho mora. Vzh\u013eadom na zachovalos\u0165 ve\u013ekej plochy jazera a ohrozen\u00fdch biotopov vt\u00e1ctva je jazero ornitologick\u00fdm rajom. Je zaraden\u00fd do zoznamu v\u00fdznamn\u00fdch ornitologick\u00fdch oblast\u00ed v Eur\u00f3pe.<\/p><\/blockquote>\n<p>Medzi mestami <a href=\"https:\/\/visitteo.com\/sk\/zadar-chorvatske-nadcasove-mesto\/\" target=\"_blank\" rel=\"noopener noreferrer\">Zadar<\/a> a \u0160ibenik, v centre Dalm\u00e1cie, naraz\u00edte na pr\u00edrodn\u00fd \u00fakaz dvoch rovnako kr\u00e1snych, a predsa to\u013eko odli\u0161n\u00fdch blues. Na jednej strane sa otv\u00e1ra \u010dlenit\u00e9 pobre\u017eie Jadransk\u00e9ho mora a na druhej strane v\u00fdh\u013ead na najv\u00e4\u010d\u0161ie pr\u00edrodn\u00e9 jazero v Chorv\u00e1tsku a jeden zo vz\u00e1cnych, takmer nedotknut\u00fdch prirodzen\u00fdch biotopov vodn\u00e9ho vt\u00e1ctva &#8211; Vransk\u00e9 jazero. N\u00e1dhern\u00e9 jazero patr\u00ed do skupiny jeden\u00e1stich pr\u00edrodn\u00fdch parkov Chorv\u00e1tskej republiky a za pr\u00edrodn\u00fd park bolo vyhl\u00e1sen\u00e9 v roku 1999. M\u00e1lokedy sa v\u00e1m podar\u00ed za\u017ei\u0165 tak\u00fd zvl\u00e1\u0161tny z\u00e1\u017eitok z vodnej rozmanitosti na tak\u00fa kr\u00e1tku vzdialenos\u0165. Bohatstvo Vransk\u00e9ho jazera spo\u010d\u00edva aj v rozmanitosti fl\u00f3ry a fauny.<\/p>\n<p><img decoding=\"async\" width=\"1200\" height=\"800\" class=\"aligncenter size-full wp-image-10767\" src=\"https:\/\/visitteo.com\/wp-content\/uploads\/2021\/12\/Park-Prirode-Vransko-Jezero-Hrvatska-Pakostane.jpg\" alt=\"Vransko Jezero Nature Park, Croatia, Pakostane\" srcset=\"https:\/\/visitteo.com\/wp-content\/uploads\/2021\/12\/Park-Prirode-Vransko-Jezero-Hrvatska-Pakostane.jpg 1200w, https:\/\/visitteo.com\/wp-content\/uploads\/2021\/12\/Park-Prirode-Vransko-Jezero-Hrvatska-Pakostane-300x200.jpg 300w, https:\/\/visitteo.com\/wp-content\/uploads\/2021\/12\/Park-Prirode-Vransko-Jezero-Hrvatska-Pakostane-1024x683.jpg 1024w, https:\/\/visitteo.com\/wp-content\/uploads\/2021\/12\/Park-Prirode-Vransko-Jezero-Hrvatska-Pakostane-768x512.jpg 768w\" sizes=\"calc(100vw * var(--container-width) - var(--container-gutter-width)\" \/><\/p>\n<h2><strong>Vransk\u00e9 jazero je pre vt\u00e1ky o\u00e1zou pokoja<\/strong><\/h2>\n<p>Vransk\u00e9 jazero je skuto\u010dn\u00fdm pr\u00edkladom skuto\u010dnej kr\u00e1sy a tie\u017e vz\u00e1cnym pr\u00edkladom kryptodepresie, biotopom mnoh\u00fdch druhov vt\u00e1kov a ornitologickou rezerv\u00e1ciou v\u00fdznamnou pre cel\u00fa Eur\u00f3pu. \u00dato\u010disko tam na\u0161lo mno\u017estvo ohrozen\u00fdch vt\u00e1kov a pre pribli\u017ene 100 000 vodn\u00fdch vt\u00e1kov je Vransk\u00e9 jazero zimoviskom. Na pozorovanie vt\u00e1ctva s\u00fa vhodn\u00e9 v\u0161etky ro\u010dn\u00e9 obdobia, no jar a leto s\u00fa najfascinuj\u00facej\u0161ie v\u010faka ve\u013ek\u00e9mu mno\u017estvu druhov a farieb v pr\u00edrode. Je to o\u00e1za pokoja a milovn\u00edci zvierat maj\u00fa mo\u017enos\u0165 vidie\u0165 mnoh\u00e9 druhy a vychutna\u0165 si ich skuto\u010dn\u00fa kr\u00e1su. Okrem rekre\u00e1cie a vzdel\u00e1vania je tu ve\u013emi ob\u013e\u00faben\u00fd aj \u0161portov\u00fd rybolov a cyklistika.<\/p>\n<p><img decoding=\"async\" class=\"aligncenter wp-image-10745 size-full\" title=\"Ornitologick\u00e1 rezerv\u00e1cia, Vransk\u00e9 jazero, vt\u00e1ctvo\" src=\"https:\/\/visitteo.com\/wp-content\/uploads\/2021\/12\/Ornitoloski-rezervat-Vransko-jezero-ptice.jpg\" alt=\"Ornitologick\u00e1 rezerv\u00e1cia, Vransk\u00e9 jazero, vt\u00e1ctvo\" width=\"1200\" height=\"800\" srcset=\"https:\/\/visitteo.com\/wp-content\/uploads\/2021\/12\/Ornitoloski-rezervat-Vransko-jezero-ptice.jpg 1200w, https:\/\/visitteo.com\/wp-content\/uploads\/2021\/12\/Ornitoloski-rezervat-Vransko-jezero-ptice-300x200.jpg 300w, https:\/\/visitteo.com\/wp-content\/uploads\/2021\/12\/Ornitoloski-rezervat-Vransko-jezero-ptice-1024x683.jpg 1024w, https:\/\/visitteo.com\/wp-content\/uploads\/2021\/12\/Ornitoloski-rezervat-Vransko-jezero-ptice-768x512.jpg 768w\" sizes=\"calc(100vw * var(--container-width) - var(--container-gutter-width)\" \/><img decoding=\"async\" class=\"aligncenter wp-image-10734 size-full\" title=\"Ornitologick\u00e1 rezerv\u00e1cia, Vransk\u00e9 jazero, Pako\u0161tane, Chorv\u00e1tsko\" src=\"https:\/\/visitteo.com\/wp-content\/uploads\/2021\/12\/Ornitoloski-rezervat-Vransko-jezero-Pakostane.jpg\" alt=\"Ornitologick\u00e1 rezerv\u00e1cia, Vransk\u00e9 jazero, Pako\u0161tane, Chorv\u00e1tsko\" width=\"1200\" height=\"800\" srcset=\"https:\/\/visitteo.com\/wp-content\/uploads\/2021\/12\/Ornitoloski-rezervat-Vransko-jezero-Pakostane.jpg 1200w, https:\/\/visitteo.com\/wp-content\/uploads\/2021\/12\/Ornitoloski-rezervat-Vransko-jezero-Pakostane-300x200.jpg 300w, https:\/\/visitteo.com\/wp-content\/uploads\/2021\/12\/Ornitoloski-rezervat-Vransko-jezero-Pakostane-1024x683.jpg 1024w, https:\/\/visitteo.com\/wp-content\/uploads\/2021\/12\/Ornitoloski-rezervat-Vransko-jezero-Pakostane-768x512.jpg 768w\" sizes=\"calc(100vw * var(--container-width) - var(--container-gutter-width)\" \/><\/p>\n<h2><strong>Ornitologick\u00e1 rezerv\u00e1cia<\/strong><\/h2>\n<p>Vransk\u00e9 jazero je jedn\u00fdm z najlep\u0161\u00edch miest na pozorovanie vt\u00e1kov v Chorv\u00e1tsku. Najcennej\u0161ou \u010das\u0165ou parku z biologick\u00e9ho a ekologick\u00e9ho h\u013eadiska je ornitologick\u00e1 rezerv\u00e1cia. Odpo\u010d\u00edva a k\u0155mi mno\u017estvo s\u0165ahovav\u00fdch vt\u00e1kov po\u010das migr\u00e1cie z chladn\u00fdch eur\u00f3pskych oblast\u00ed do teplej Afriky a sp\u00e4\u0165. \u010cas str\u00e1ven\u00fd na jazer\u00e1ch a pozorovanie vt\u00e1kov v\u00e1s nesklame bez oh\u013eadu na to, ak\u00e9 ro\u010dn\u00e9 obdobie si vyberiete. Posledn\u00fdm \u010dasom n\u00e1v\u0161tevy by v\u0161ak bola jar a jese\u0148, kedy v\u00e1s odmenia najrozmanitej\u0161\u00edm vt\u00e1\u010d\u00edm svetom. Dne\u0161n\u00e1 mal\u00e1 ornitologick\u00e1 rezerv\u00e1cia je pozostatkom niekdaj\u0161ieho desa\u0165n\u00e1sobne v\u00e4\u010d\u0161ieho \u00fazemia mokrad\u00ed.<\/p>\n<p><img decoding=\"async\" class=\"aligncenter wp-image-10802 size-full\" title=\"Pr\u00edrodn\u00fd park Vransk\u00e9 jazero dreven\u00e9 chodn\u00edky, ornitologick\u00e1 rezerv\u00e1cia\" src=\"https:\/\/visitteo.com\/wp-content\/uploads\/2021\/12\/Park-Prirode-Vransko-jezero-drvene-staze-ornitoloski-rezervat.jpg\" alt=\"Pr\u00edrodn\u00fd park Vransk\u00e9 jazero dreven\u00e9 chodn\u00edky, ornitologick\u00e1 rezerv\u00e1cia\" width=\"1200\" height=\"800\" srcset=\"https:\/\/visitteo.com\/wp-content\/uploads\/2021\/12\/Park-Prirode-Vransko-jezero-drvene-staze-ornitoloski-rezervat.jpg 1200w, https:\/\/visitteo.com\/wp-content\/uploads\/2021\/12\/Park-Prirode-Vransko-jezero-drvene-staze-ornitoloski-rezervat-300x200.jpg 300w, https:\/\/visitteo.com\/wp-content\/uploads\/2021\/12\/Park-Prirode-Vransko-jezero-drvene-staze-ornitoloski-rezervat-1024x683.jpg 1024w, https:\/\/visitteo.com\/wp-content\/uploads\/2021\/12\/Park-Prirode-Vransko-jezero-drvene-staze-ornitoloski-rezervat-768x512.jpg 768w\" sizes=\"calc(100vw * var(--container-width) - var(--container-gutter-width)\" \/><img decoding=\"async\" class=\"aligncenter wp-image-10712 size-full\" title=\"Oblas\u0165 mokrad\u00ed. Chorv\u00e1tske jazero\" src=\"https:\/\/visitteo.com\/wp-content\/uploads\/2021\/12\/Mocvarno-podrucje.-Jezero-Hrvatska.jpg\" alt=\"Oblas\u0165 mokrad\u00ed. Chorv\u00e1tske jazero\" width=\"1200\" height=\"800\" srcset=\"https:\/\/visitteo.com\/wp-content\/uploads\/2021\/12\/Mocvarno-podrucje.-Jezero-Hrvatska.jpg 1200w, https:\/\/visitteo.com\/wp-content\/uploads\/2021\/12\/Mocvarno-podrucje.-Jezero-Hrvatska-300x200.jpg 300w, https:\/\/visitteo.com\/wp-content\/uploads\/2021\/12\/Mocvarno-podrucje.-Jezero-Hrvatska-1024x683.jpg 1024w, https:\/\/visitteo.com\/wp-content\/uploads\/2021\/12\/Mocvarno-podrucje.-Jezero-Hrvatska-768x512.jpg 768w\" sizes=\"calc(100vw * var(--container-width) - var(--container-gutter-width)\" \/><\/p>\n<h2><strong>Rozh\u013ead\u0148a Kamenjak<\/strong><\/h2>\n<p>Vyhliadka Kamenjak pon\u00faka nezabudnute\u013en\u00e9 v\u00fdh\u013eady na cel\u00e9 Vransk\u00e9 jazero, polia, ktor\u00e9 ho obklopuj\u00fa, Jadransk\u00e9 more, ostrovy <a href=\"https:\/\/visitteo.com\/sk\/narodny-park-kornati-oblubene-jadranske-suostrovie\/\" target=\"_blank\" rel=\"noopener noreferrer\">Kornati<\/a>, ostrov Murter, Pirovac, Drage a Pako\u0161tane. Ke\u010f budete na rozh\u013eadni, m\u00f4\u017eete si pre\u010d\u00edta\u0165 zauj\u00edmav\u00e9 inform\u00e1cie na n\u00e1u\u010dn\u00fdch tabuliach alebo si sadn\u00fa\u0165 a kocha\u0165 sa v\u00fdh\u013eadom z jednej z kamenn\u00fdch lavi\u010diek. M\u00f4\u017eete dokonca pou\u017ei\u0165 \u010falekoh\u013ead a zbada\u0165 cel\u00e9 s\u00faostrovie pred sebou. Okrem toho tu n\u00e1jdete \u010fal\u0161ie dve skvel\u00e9 stanice, obchod so suven\u00edrmi a ka\u017ed\u00e9ho ob\u013e\u00faben\u00fa degust\u00e1ciu. V degusta\u010dnej miestnosti Kamenjak si m\u00f4\u017eete na\u010dapova\u0165 studen\u00fd poh\u00e1r dom\u00e1ceho v\u00edna alebo ochutna\u0165 mnoho lahodn\u00fdch druhov syrov a olivov\u00e9ho oleja. More, obloha, jazero a ostrovy vytv\u00e1raj\u00fa \u00fa\u017easn\u00e9 panoramatick\u00e9 v\u00fdh\u013eady, v\u010faka ktor\u00fdm je tak \u013eahk\u00e9 zabudn\u00fa\u0165 na v\u0161etko ostatn\u00e9 a odd\u00e1va\u0165 sa \u010dist\u00e9mu p\u00f4\u017eitku.<\/p>\n<p><img decoding=\"async\" class=\"aligncenter wp-image-10789 size-full\" title=\"Rozh\u013ead\u0148a Kamenjak, Vransk\u00e9 jazero\" src=\"https:\/\/visitteo.com\/wp-content\/uploads\/2021\/12\/Vidikovac-Kamenjak-Vransko-jezero.jpg\" alt=\"Rozh\u013ead\u0148a Kamenjak, Vransk\u00e9 jazero\" width=\"1200\" height=\"800\" srcset=\"https:\/\/visitteo.com\/wp-content\/uploads\/2021\/12\/Vidikovac-Kamenjak-Vransko-jezero.jpg 1200w, https:\/\/visitteo.com\/wp-content\/uploads\/2021\/12\/Vidikovac-Kamenjak-Vransko-jezero-300x200.jpg 300w, https:\/\/visitteo.com\/wp-content\/uploads\/2021\/12\/Vidikovac-Kamenjak-Vransko-jezero-1024x683.jpg 1024w, https:\/\/visitteo.com\/wp-content\/uploads\/2021\/12\/Vidikovac-Kamenjak-Vransko-jezero-768x512.jpg 768w\" sizes=\"calc(100vw * var(--container-width) - var(--container-gutter-width)\" \/><\/p>\n<p>Chcete nav\u0161t\u00edvi\u0165 Vransk\u00e9 jazero a pozorova\u0165 vt\u00e1ky? Ubytovanie n\u00e1jdete na <a href=\"https:\/\/visitteo.com\/sk\/\" target=\"_blank\" rel=\"noopener noreferrer\">Visitteo<\/a>. Porovnajte ceny hotelov, apartm\u00e1nov, izieb, \u0161t\u00fadi\u00ed, v\u00edl a mnoh\u00fdch \u010fal\u0161\u00edch typov ubytovania. Objavte Chorv\u00e1tsko, in\u0161pirujte sa a n\u00e1jdite zauj\u00edmav\u00e9 destin\u00e1cie na na\u0161ich soci\u00e1lnych sie\u0165ach \u2013 <a href=\"https:\/\/www.instagram.com\/visitteo\/\" target=\"_blank\" rel=\"noopener noreferrer\">Instagram<\/a>,\u00a0<a href=\"https:\/\/www.facebook.com\/visitteo\" target=\"_blank\" rel=\"noopener noreferrer\">Facebook<\/a>,\u00a0<a href=\"https:\/\/twitter.com\/visitteo\" target=\"_blank\" rel=\"noopener noreferrer\">Twitter<\/a> a\u00a0<a href=\"https:\/\/www.youtube.com\/channel\/UCbtUWjbBPW-hHoCqVIhG8YQ\" target=\"_blank\" rel=\"noopener noreferrer\">YouTube<\/a><\/p>\n<p>&nbsp;<\/p>\n","protected":false},"excerpt":{"rendered":"<p>M\u00e1lokedy pr\u00edroda poskytuje \u013eu\u010fom to\u013eko pote\u0161enia ako Vransk\u00e9 jazero, najv\u00e4\u010d\u0161ie pr\u00edrodn\u00e9 jazero v Chorv\u00e1tsku. Ak uprednost\u0148ujete fyzicky menej n\u00e1ro\u010dn\u00fd sp\u00f4sob u\u017e\u00edvania si sveta pr\u00edrody, Vransk\u00e9 jazero je pre v\u00e1s t\u00fdm prav\u00fdm miestom. Jazero sa nach\u00e1dza v bezprostrednej bl\u00edzkosti Jadransk\u00e9ho mora. Vzh\u013eadom na zachovalos\u0165 ve\u013ekej plochy jazera a ohrozen\u00fdch biotopov vt\u00e1ctva je jazero ornitologick\u00fdm rajom. Je [&hellip;]<\/p>\n","protected":false},"author":3,"featured_media":10786,"comment_status":"closed","ping_status":"closed","sticky":false,"template":"","format":"standard","meta":{"_acf_changed":false,"footnotes":""},"categories":[43],"tags":[],"post-locations":[],"class_list":["post-10833","post","type-post","status-publish","format-standard","has-post-thumbnail","hentry","category-vily-sk"],"acf":[],"yoast_head":"<!-- This site is optimized with the Yoast SEO plugin v27.3 - https:\/\/yoast.com\/product\/yoast-seo-wordpress\/ -->\n<title>Vransk\u00e9 jazero - Pr\u00edrodn\u00fd Park s V\u00fdh\u013eadom na More - Visitteo<\/title>\n<meta name=\"description\" content=\"M\u00e1lokedy pr\u00edroda poskytuje \u013eu\u010fom to\u013eko pote\u0161enia ako Vransk\u00e9 jazero, najv\u00e4\u010d\u0161ie pr\u00edrodn\u00e9 jazero v Chorv\u00e1tsku.\" \/>\n<meta name=\"robots\" content=\"index, follow, max-snippet:-1, max-image-preview:large, max-video-preview:-1\" \/>\n<link rel=\"canonical\" href=\"https:\/\/visitteo.com\/sk\/vranske-jazero-prirodny-park-s-vyhladom-na-more\/\" \/>\n<meta property=\"og:locale\" content=\"sk_SK\" \/>\n<meta property=\"og:type\" content=\"article\" \/>\n<meta property=\"og:title\" content=\"Vransk\u00e9 jazero - Pr\u00edrodn\u00fd Park s V\u00fdh\u013eadom na More - Visitteo\" \/>\n<meta property=\"og:description\" content=\"M\u00e1lokedy pr\u00edroda poskytuje \u013eu\u010fom to\u013eko pote\u0161enia ako Vransk\u00e9 jazero, najv\u00e4\u010d\u0161ie pr\u00edrodn\u00e9 jazero v Chorv\u00e1tsku.\" \/>\n<meta property=\"og:url\" content=\"https:\/\/visitteo.com\/sk\/vranske-jazero-prirodny-park-s-vyhladom-na-more\/\" \/>\n<meta property=\"og:site_name\" content=\"Visitteo\" \/>\n<meta property=\"article:publisher\" content=\"https:\/\/www.facebook.com\/visitteo\/\" \/>\n<meta property=\"article:published_time\" content=\"2021-12-15T07:18:56+00:00\" \/>\n<meta property=\"article:modified_time\" content=\"2021-12-15T14:24:39+00:00\" \/>\n<meta property=\"og:image\" content=\"https:\/\/visitteo.com\/wp-content\/uploads\/2021\/12\/Vidikovac-Kamenjak-Pakostane-Drage-Biograd.jpg\" \/>\n\t<meta property=\"og:image:width\" content=\"600\" \/>\n\t<meta property=\"og:image:height\" content=\"400\" \/>\n\t<meta property=\"og:image:type\" content=\"image\/jpeg\" \/>\n<meta name=\"author\" content=\"luka\" \/>\n<meta name=\"twitter:card\" content=\"summary_large_image\" \/>\n<meta name=\"twitter:creator\" content=\"@visitteo\" \/>\n<meta name=\"twitter:site\" content=\"@visitteo\" \/>\n<meta name=\"twitter:label1\" content=\"Autor\" \/>\n\t<meta name=\"twitter:data1\" content=\"luka\" \/>\n\t<meta name=\"twitter:label2\" content=\"Predpokladan\u00fd \u010das \u010d\u00edtania\" \/>\n\t<meta name=\"twitter:data2\" content=\"4 min\u00faty\" \/>\n<script type=\"application\/ld+json\" class=\"yoast-schema-graph\">{\"@context\":\"https:\\\/\\\/schema.org\",\"@graph\":[{\"@type\":\"Article\",\"@id\":\"https:\\\/\\\/visitteo.com\\\/sk\\\/vranske-jazero-prirodny-park-s-vyhladom-na-more\\\/#article\",\"isPartOf\":{\"@id\":\"https:\\\/\\\/visitteo.com\\\/sk\\\/vranske-jazero-prirodny-park-s-vyhladom-na-more\\\/\"},\"author\":{\"name\":\"luka\",\"@id\":\"https:\\\/\\\/visitteo.com\\\/sk\\\/#\\\/schema\\\/person\\\/53238a5be1ba5b918df3b0af050a378f\"},\"headline\":\"Vransk\u00e9 jazero &#8211; Pr\u00edrodn\u00fd park s v\u00fdh\u013eadom na more\",\"datePublished\":\"2021-12-15T07:18:56+00:00\",\"dateModified\":\"2021-12-15T14:24:39+00:00\",\"mainEntityOfPage\":{\"@id\":\"https:\\\/\\\/visitteo.com\\\/sk\\\/vranske-jazero-prirodny-park-s-vyhladom-na-more\\\/\"},\"wordCount\":723,\"publisher\":{\"@id\":\"https:\\\/\\\/visitteo.com\\\/sk\\\/#organization\"},\"image\":{\"@id\":\"https:\\\/\\\/visitteo.com\\\/sk\\\/vranske-jazero-prirodny-park-s-vyhladom-na-more\\\/#primaryimage\"},\"thumbnailUrl\":\"https:\\\/\\\/visitteo.com\\\/wp-content\\\/uploads\\\/2021\\\/12\\\/Vidikovac-Kamenjak-Pakostane-Drage-Biograd.jpg\",\"articleSection\":[\"Vily\"],\"inLanguage\":\"sk-SK\"},{\"@type\":\"WebPage\",\"@id\":\"https:\\\/\\\/visitteo.com\\\/sk\\\/vranske-jazero-prirodny-park-s-vyhladom-na-more\\\/\",\"url\":\"https:\\\/\\\/visitteo.com\\\/sk\\\/vranske-jazero-prirodny-park-s-vyhladom-na-more\\\/\",\"name\":\"Vransk\u00e9 jazero - Pr\u00edrodn\u00fd Park s V\u00fdh\u013eadom na More - Visitteo\",\"isPartOf\":{\"@id\":\"https:\\\/\\\/visitteo.com\\\/sk\\\/#website\"},\"primaryImageOfPage\":{\"@id\":\"https:\\\/\\\/visitteo.com\\\/sk\\\/vranske-jazero-prirodny-park-s-vyhladom-na-more\\\/#primaryimage\"},\"image\":{\"@id\":\"https:\\\/\\\/visitteo.com\\\/sk\\\/vranske-jazero-prirodny-park-s-vyhladom-na-more\\\/#primaryimage\"},\"thumbnailUrl\":\"https:\\\/\\\/visitteo.com\\\/wp-content\\\/uploads\\\/2021\\\/12\\\/Vidikovac-Kamenjak-Pakostane-Drage-Biograd.jpg\",\"datePublished\":\"2021-12-15T07:18:56+00:00\",\"dateModified\":\"2021-12-15T14:24:39+00:00\",\"description\":\"M\u00e1lokedy pr\u00edroda poskytuje \u013eu\u010fom to\u013eko pote\u0161enia ako Vransk\u00e9 jazero, najv\u00e4\u010d\u0161ie pr\u00edrodn\u00e9 jazero v Chorv\u00e1tsku.\",\"breadcrumb\":{\"@id\":\"https:\\\/\\\/visitteo.com\\\/sk\\\/vranske-jazero-prirodny-park-s-vyhladom-na-more\\\/#breadcrumb\"},\"inLanguage\":\"sk-SK\",\"potentialAction\":[{\"@type\":\"ReadAction\",\"target\":[\"https:\\\/\\\/visitteo.com\\\/sk\\\/vranske-jazero-prirodny-park-s-vyhladom-na-more\\\/\"]}]},{\"@type\":\"ImageObject\",\"inLanguage\":\"sk-SK\",\"@id\":\"https:\\\/\\\/visitteo.com\\\/sk\\\/vranske-jazero-prirodny-park-s-vyhladom-na-more\\\/#primaryimage\",\"url\":\"https:\\\/\\\/visitteo.com\\\/wp-content\\\/uploads\\\/2021\\\/12\\\/Vidikovac-Kamenjak-Pakostane-Drage-Biograd.jpg\",\"contentUrl\":\"https:\\\/\\\/visitteo.com\\\/wp-content\\\/uploads\\\/2021\\\/12\\\/Vidikovac-Kamenjak-Pakostane-Drage-Biograd.jpg\",\"width\":600,\"height\":400},{\"@type\":\"BreadcrumbList\",\"@id\":\"https:\\\/\\\/visitteo.com\\\/sk\\\/vranske-jazero-prirodny-park-s-vyhladom-na-more\\\/#breadcrumb\",\"itemListElement\":[{\"@type\":\"ListItem\",\"position\":1,\"name\":\"Homepage\",\"item\":\"https:\\\/\\\/visitteo.com\\\/sk\\\/\"},{\"@type\":\"ListItem\",\"position\":2,\"name\":\"Vransk\u00e9 jazero &#8211; Pr\u00edrodn\u00fd park s v\u00fdh\u013eadom na more\"}]},{\"@type\":\"WebSite\",\"@id\":\"https:\\\/\\\/visitteo.com\\\/sk\\\/#website\",\"url\":\"https:\\\/\\\/visitteo.com\\\/sk\\\/\",\"name\":\"Visitteo\",\"description\":\"Visitteo is a metasearch engine for car rental.\",\"publisher\":{\"@id\":\"https:\\\/\\\/visitteo.com\\\/sk\\\/#organization\"},\"potentialAction\":[{\"@type\":\"SearchAction\",\"target\":{\"@type\":\"EntryPoint\",\"urlTemplate\":\"https:\\\/\\\/visitteo.com\\\/sk\\\/?s={search_term_string}\"},\"query-input\":{\"@type\":\"PropertyValueSpecification\",\"valueRequired\":true,\"valueName\":\"search_term_string\"}}],\"inLanguage\":\"sk-SK\"},{\"@type\":\"Organization\",\"@id\":\"https:\\\/\\\/visitteo.com\\\/sk\\\/#organization\",\"name\":\"Visitteo\",\"url\":\"https:\\\/\\\/visitteo.com\\\/sk\\\/\",\"logo\":{\"@type\":\"ImageObject\",\"inLanguage\":\"sk-SK\",\"@id\":\"https:\\\/\\\/visitteo.com\\\/sk\\\/#\\\/schema\\\/logo\\\/image\\\/\",\"url\":\"https:\\\/\\\/visitteo.com\\\/wp-content\\\/uploads\\\/2024\\\/09\\\/organization_logo.png\",\"contentUrl\":\"https:\\\/\\\/visitteo.com\\\/wp-content\\\/uploads\\\/2024\\\/09\\\/organization_logo.png\",\"width\":840,\"height\":840,\"caption\":\"Visitteo\"},\"image\":{\"@id\":\"https:\\\/\\\/visitteo.com\\\/sk\\\/#\\\/schema\\\/logo\\\/image\\\/\"},\"sameAs\":[\"https:\\\/\\\/www.facebook.com\\\/visitteo\\\/\",\"https:\\\/\\\/x.com\\\/visitteo\",\"https:\\\/\\\/www.instagram.com\\\/visitteo\\\/\",\"https:\\\/\\\/www.pinterest.com\\\/visitteo\\\/pins\\\/\"]},{\"@type\":\"Person\",\"@id\":\"https:\\\/\\\/visitteo.com\\\/sk\\\/#\\\/schema\\\/person\\\/53238a5be1ba5b918df3b0af050a378f\",\"name\":\"luka\",\"image\":{\"@type\":\"ImageObject\",\"inLanguage\":\"sk-SK\",\"@id\":\"https:\\\/\\\/secure.gravatar.com\\\/avatar\\\/9a67ac519f01ec189794283addfea686b53e51f9ead55bfa62a9f7e13c241a8a?s=96&d=mm&r=g\",\"url\":\"https:\\\/\\\/secure.gravatar.com\\\/avatar\\\/9a67ac519f01ec189794283addfea686b53e51f9ead55bfa62a9f7e13c241a8a?s=96&d=mm&r=g\",\"contentUrl\":\"https:\\\/\\\/secure.gravatar.com\\\/avatar\\\/9a67ac519f01ec189794283addfea686b53e51f9ead55bfa62a9f7e13c241a8a?s=96&d=mm&r=g\",\"caption\":\"luka\"}}]}<\/script>\n<!-- \/ Yoast SEO plugin. -->","yoast_head_json":{"title":"Vransk\u00e9 jazero - Pr\u00edrodn\u00fd Park s V\u00fdh\u013eadom na More - Visitteo","description":"M\u00e1lokedy pr\u00edroda poskytuje \u013eu\u010fom to\u013eko pote\u0161enia ako Vransk\u00e9 jazero, najv\u00e4\u010d\u0161ie pr\u00edrodn\u00e9 jazero v Chorv\u00e1tsku.","robots":{"index":"index","follow":"follow","max-snippet":"max-snippet:-1","max-image-preview":"max-image-preview:large","max-video-preview":"max-video-preview:-1"},"canonical":"https:\/\/visitteo.com\/sk\/vranske-jazero-prirodny-park-s-vyhladom-na-more\/","og_locale":"sk_SK","og_type":"article","og_title":"Vransk\u00e9 jazero - Pr\u00edrodn\u00fd Park s V\u00fdh\u013eadom na More - Visitteo","og_description":"M\u00e1lokedy pr\u00edroda poskytuje \u013eu\u010fom to\u013eko pote\u0161enia ako Vransk\u00e9 jazero, najv\u00e4\u010d\u0161ie pr\u00edrodn\u00e9 jazero v Chorv\u00e1tsku.","og_url":"https:\/\/visitteo.com\/sk\/vranske-jazero-prirodny-park-s-vyhladom-na-more\/","og_site_name":"Visitteo","article_publisher":"https:\/\/www.facebook.com\/visitteo\/","article_published_time":"2021-12-15T07:18:56+00:00","article_modified_time":"2021-12-15T14:24:39+00:00","og_image":[{"width":600,"height":400,"url":"https:\/\/visitteo.com\/wp-content\/uploads\/2021\/12\/Vidikovac-Kamenjak-Pakostane-Drage-Biograd.jpg","type":"image\/jpeg"}],"author":"luka","twitter_card":"summary_large_image","twitter_creator":"@visitteo","twitter_site":"@visitteo","twitter_misc":{"Autor":"luka","Predpokladan\u00fd \u010das \u010d\u00edtania":"4 min\u00faty"},"schema":{"@context":"https:\/\/schema.org","@graph":[{"@type":"Article","@id":"https:\/\/visitteo.com\/sk\/vranske-jazero-prirodny-park-s-vyhladom-na-more\/#article","isPartOf":{"@id":"https:\/\/visitteo.com\/sk\/vranske-jazero-prirodny-park-s-vyhladom-na-more\/"},"author":{"name":"luka","@id":"https:\/\/visitteo.com\/sk\/#\/schema\/person\/53238a5be1ba5b918df3b0af050a378f"},"headline":"Vransk\u00e9 jazero &#8211; Pr\u00edrodn\u00fd park s v\u00fdh\u013eadom na more","datePublished":"2021-12-15T07:18:56+00:00","dateModified":"2021-12-15T14:24:39+00:00","mainEntityOfPage":{"@id":"https:\/\/visitteo.com\/sk\/vranske-jazero-prirodny-park-s-vyhladom-na-more\/"},"wordCount":723,"publisher":{"@id":"https:\/\/visitteo.com\/sk\/#organization"},"image":{"@id":"https:\/\/visitteo.com\/sk\/vranske-jazero-prirodny-park-s-vyhladom-na-more\/#primaryimage"},"thumbnailUrl":"https:\/\/visitteo.com\/wp-content\/uploads\/2021\/12\/Vidikovac-Kamenjak-Pakostane-Drage-Biograd.jpg","articleSection":["Vily"],"inLanguage":"sk-SK"},{"@type":"WebPage","@id":"https:\/\/visitteo.com\/sk\/vranske-jazero-prirodny-park-s-vyhladom-na-more\/","url":"https:\/\/visitteo.com\/sk\/vranske-jazero-prirodny-park-s-vyhladom-na-more\/","name":"Vransk\u00e9 jazero - Pr\u00edrodn\u00fd Park s V\u00fdh\u013eadom na More - Visitteo","isPartOf":{"@id":"https:\/\/visitteo.com\/sk\/#website"},"primaryImageOfPage":{"@id":"https:\/\/visitteo.com\/sk\/vranske-jazero-prirodny-park-s-vyhladom-na-more\/#primaryimage"},"image":{"@id":"https:\/\/visitteo.com\/sk\/vranske-jazero-prirodny-park-s-vyhladom-na-more\/#primaryimage"},"thumbnailUrl":"https:\/\/visitteo.com\/wp-content\/uploads\/2021\/12\/Vidikovac-Kamenjak-Pakostane-Drage-Biograd.jpg","datePublished":"2021-12-15T07:18:56+00:00","dateModified":"2021-12-15T14:24:39+00:00","description":"M\u00e1lokedy pr\u00edroda poskytuje \u013eu\u010fom to\u013eko pote\u0161enia ako Vransk\u00e9 jazero, najv\u00e4\u010d\u0161ie pr\u00edrodn\u00e9 jazero v Chorv\u00e1tsku.","breadcrumb":{"@id":"https:\/\/visitteo.com\/sk\/vranske-jazero-prirodny-park-s-vyhladom-na-more\/#breadcrumb"},"inLanguage":"sk-SK","potentialAction":[{"@type":"ReadAction","target":["https:\/\/visitteo.com\/sk\/vranske-jazero-prirodny-park-s-vyhladom-na-more\/"]}]},{"@type":"ImageObject","inLanguage":"sk-SK","@id":"https:\/\/visitteo.com\/sk\/vranske-jazero-prirodny-park-s-vyhladom-na-more\/#primaryimage","url":"https:\/\/visitteo.com\/wp-content\/uploads\/2021\/12\/Vidikovac-Kamenjak-Pakostane-Drage-Biograd.jpg","contentUrl":"https:\/\/visitteo.com\/wp-content\/uploads\/2021\/12\/Vidikovac-Kamenjak-Pakostane-Drage-Biograd.jpg","width":600,"height":400},{"@type":"BreadcrumbList","@id":"https:\/\/visitteo.com\/sk\/vranske-jazero-prirodny-park-s-vyhladom-na-more\/#breadcrumb","itemListElement":[{"@type":"ListItem","position":1,"name":"Homepage","item":"https:\/\/visitteo.com\/sk\/"},{"@type":"ListItem","position":2,"name":"Vransk\u00e9 jazero &#8211; Pr\u00edrodn\u00fd park s v\u00fdh\u013eadom na more"}]},{"@type":"WebSite","@id":"https:\/\/visitteo.com\/sk\/#website","url":"https:\/\/visitteo.com\/sk\/","name":"Visitteo","description":"Visitteo is a metasearch engine for car rental.","publisher":{"@id":"https:\/\/visitteo.com\/sk\/#organization"},"potentialAction":[{"@type":"SearchAction","target":{"@type":"EntryPoint","urlTemplate":"https:\/\/visitteo.com\/sk\/?s={search_term_string}"},"query-input":{"@type":"PropertyValueSpecification","valueRequired":true,"valueName":"search_term_string"}}],"inLanguage":"sk-SK"},{"@type":"Organization","@id":"https:\/\/visitteo.com\/sk\/#organization","name":"Visitteo","url":"https:\/\/visitteo.com\/sk\/","logo":{"@type":"ImageObject","inLanguage":"sk-SK","@id":"https:\/\/visitteo.com\/sk\/#\/schema\/logo\/image\/","url":"https:\/\/visitteo.com\/wp-content\/uploads\/2024\/09\/organization_logo.png","contentUrl":"https:\/\/visitteo.com\/wp-content\/uploads\/2024\/09\/organization_logo.png","width":840,"height":840,"caption":"Visitteo"},"image":{"@id":"https:\/\/visitteo.com\/sk\/#\/schema\/logo\/image\/"},"sameAs":["https:\/\/www.facebook.com\/visitteo\/","https:\/\/x.com\/visitteo","https:\/\/www.instagram.com\/visitteo\/","https:\/\/www.pinterest.com\/visitteo\/pins\/"]},{"@type":"Person","@id":"https:\/\/visitteo.com\/sk\/#\/schema\/person\/53238a5be1ba5b918df3b0af050a378f","name":"luka","image":{"@type":"ImageObject","inLanguage":"sk-SK","@id":"https:\/\/secure.gravatar.com\/avatar\/9a67ac519f01ec189794283addfea686b53e51f9ead55bfa62a9f7e13c241a8a?s=96&d=mm&r=g","url":"https:\/\/secure.gravatar.com\/avatar\/9a67ac519f01ec189794283addfea686b53e51f9ead55bfa62a9f7e13c241a8a?s=96&d=mm&r=g","contentUrl":"https:\/\/secure.gravatar.com\/avatar\/9a67ac519f01ec189794283addfea686b53e51f9ead55bfa62a9f7e13c241a8a?s=96&d=mm&r=g","caption":"luka"}}]}},"_links":{"self":[{"href":"https:\/\/visitteo.com\/sk\/wp-json\/wp\/v2\/posts\/10833","targetHints":{"allow":["GET"]}}],"collection":[{"href":"https:\/\/visitteo.com\/sk\/wp-json\/wp\/v2\/posts"}],"about":[{"href":"https:\/\/visitteo.com\/sk\/wp-json\/wp\/v2\/types\/post"}],"author":[{"embeddable":true,"href":"https:\/\/visitteo.com\/sk\/wp-json\/wp\/v2\/users\/3"}],"replies":[{"embeddable":true,"href":"https:\/\/visitteo.com\/sk\/wp-json\/wp\/v2\/comments?post=10833"}],"version-history":[{"count":0,"href":"https:\/\/visitteo.com\/sk\/wp-json\/wp\/v2\/posts\/10833\/revisions"}],"wp:featuredmedia":[{"embeddable":true,"href":"https:\/\/visitteo.com\/sk\/wp-json\/wp\/v2\/media\/10786"}],"wp:attachment":[{"href":"https:\/\/visitteo.com\/sk\/wp-json\/wp\/v2\/media?parent=10833"}],"wp:term":[{"taxonomy":"category","embeddable":true,"href":"https:\/\/visitteo.com\/sk\/wp-json\/wp\/v2\/categories?post=10833"},{"taxonomy":"post_tag","embeddable":true,"href":"https:\/\/visitteo.com\/sk\/wp-json\/wp\/v2\/tags?post=10833"},{"taxonomy":"post-location","embeddable":true,"href":"https:\/\/visitteo.com\/sk\/wp-json\/wp\/v2\/post-locations?post=10833"}],"curies":[{"name":"wp","href":"https:\/\/api.w.org\/{rel}","templated":true}]}}