{"id":8119,"date":"2021-09-21T09:27:57","date_gmt":"2021-09-21T07:27:57","guid":{"rendered":"https:\/\/visitteo.com\/roman-ruins-of-salona-at-solin\/"},"modified":"2021-09-28T10:49:18","modified_gmt":"2021-09-28T08:49:18","slug":"rimske-ruiny-salony-v-soline","status":"publish","type":"post","link":"https:\/\/visitteo.com\/sk\/rimske-ruiny-salony-v-soline\/","title":{"rendered":"R\u00edmske ruiny Salony v Soline"},"content":{"rendered":"<blockquote><p>Vzh\u013eadom na rozsiahle \u00fazemie, ktor\u00e9 zah\u0155\u0148alo a neuverite\u013en\u00fd po\u010det rokov, ktor\u00e9 vydr\u017eala, zanechala R\u00edmska r\u00ed\u0161a mno\u017estvo p\u00f4sobiv\u00fdch ru\u00edn. Aj ke\u010f ich rozkvet je u\u017e d\u00e1vno pre\u010d, v s\u00fa\u010dasnosti sl\u00fa\u017eia ako d\u00f4le\u017eit\u00e9 historick\u00e9 pamiatky a ob\u013e\u00faben\u00e9 turistick\u00e9 atrakcie. R\u00edmske ruiny Salona sa nach\u00e1dzaj\u00fa v bl\u00edzkosti mesta Solin, nieko\u013eko kilometrov od Splitu. Je to fascinuj\u00faci archeologick\u00fd klenot a skvel\u00e9 miesto na n\u00e1v\u0161tevu pre v\u0161etk\u00fdch, ktor\u00ed obdivuj\u00fa hist\u00f3riu r\u00edmskej r\u00ed\u0161e.<\/p><\/blockquote>\n<h2><strong>Hist\u00f3ria Salony<\/strong><\/h2>\n<p>V tieni <strong>Solinu<\/strong> le\u017eia starovek\u00e9 r\u00edmske ruiny <strong>Salony<\/strong>. Kedysi hlavn\u00e9 mesto r\u00edmskej provincie Dalm\u00e1cia a najv\u00e4\u010d\u0161\u00ed archeologick\u00fd park v Chorv\u00e1tsku. O jeho ve\u013ekosti sved\u010dia impozantn\u00e9 hradby s ve\u017eami a br\u00e1nami. F\u00f3rum s chr\u00e1mami, amfite\u00e1trom a cintor\u00ednom s mu\u010den\u00edkmi Salonitanmi. Mesto s viac ako 60 000 obyvate\u013emi a pod\u013ea legendy rodisko cis\u00e1ra <strong>Diokleci\u00e1na<\/strong>. Putovanie po tejto r\u00ed\u0161i ru\u00edn je sugest\u00edvnou cestou do veku cis\u00e1rov, gladi\u00e1torov a kres\u0165ansk\u00fdch mu\u010den\u00edkov. Napriek tomu, \u017ee mnoho starovek\u00fdch pokladov v Salone je teraz vystaven\u00fdch v archeologickom m\u00fazeu v Splite, na mieste je ich prekvapivo ve\u013ea. V oblasti zn\u00e1mej ako kl\u00e1\u0161tory je roztr\u00fasen\u00fdch mno\u017estvo sarkof\u00e1gov.<\/p>\n<p><img decoding=\"async\" class=\"aligncenter wp-image-7976 size-full\" title=\"Salona v Soline, Split, Chorv\u00e1tsko, r\u00edmske mesto. R\u00edmske Ruiny Salony\" src=\"https:\/\/visitteo.com\/wp-content\/uploads\/2021\/09\/Salona-in-Solin-Split-Croatia-Roman-city..jpg\" alt=\"Salona v Soline, Split, Chorv\u00e1tsko, r\u00edmske mesto. R\u00edmske Ruiny Salony\" width=\"1200\" height=\"800\" srcset=\"https:\/\/visitteo.com\/wp-content\/uploads\/2021\/09\/Salona-in-Solin-Split-Croatia-Roman-city..jpg 1200w, https:\/\/visitteo.com\/wp-content\/uploads\/2021\/09\/Salona-in-Solin-Split-Croatia-Roman-city.-300x200.jpg 300w, https:\/\/visitteo.com\/wp-content\/uploads\/2021\/09\/Salona-in-Solin-Split-Croatia-Roman-city.-1024x683.jpg 1024w, https:\/\/visitteo.com\/wp-content\/uploads\/2021\/09\/Salona-in-Solin-Split-Croatia-Roman-city.-768x512.jpg 768w\" sizes=\"calc(100vw * var(--container-width) - var(--container-gutter-width)\" \/><span style=\"font-family: 'Arial',sans-serif; color: #0e101a;\"><img decoding=\"async\" class=\"aligncenter wp-image-7987 size-full\" title=\"R\u00edmske ruiny Salona, Split, Solin, Chorv\u00e1tsko\" src=\"https:\/\/visitteo.com\/wp-content\/uploads\/2021\/09\/Salona-Roman-ruins-Split-Solin-Croatia.jpg\" alt=\"R\u00edmske ruiny Salona, Split, Solin, Chorv\u00e1tsko\" width=\"1200\" height=\"800\" srcset=\"https:\/\/visitteo.com\/wp-content\/uploads\/2021\/09\/Salona-Roman-ruins-Split-Solin-Croatia.jpg 1200w, https:\/\/visitteo.com\/wp-content\/uploads\/2021\/09\/Salona-Roman-ruins-Split-Solin-Croatia-300x200.jpg 300w, https:\/\/visitteo.com\/wp-content\/uploads\/2021\/09\/Salona-Roman-ruins-Split-Solin-Croatia-1024x683.jpg 1024w, https:\/\/visitteo.com\/wp-content\/uploads\/2021\/09\/Salona-Roman-ruins-Split-Solin-Croatia-768x512.jpg 768w\" sizes=\"calc(100vw * var(--container-width) - var(--container-gutter-width)\" \/><\/span><\/p>\n<h2><strong>Vzostup a p\u00e1d<\/strong><\/h2>\n<p>Salona sa prv\u00fdkr\u00e1t spom\u00edna ako il\u00fdrske mesto v roku 119 pred n. L. A do tej doby m\u00e1 mesto hradby. Rimania obsadili toto miesto v roku 78 pred n. L. A za <strong>Augustovej<\/strong> vl\u00e1dy. Stalo sa administrat\u00edvnym s\u00eddlom dalm\u00e1tskej provincie r\u00ed\u0161e. Ke\u010f cis\u00e1r Diokleci\u00e1n staval svoj pal\u00e1c v Splite na konci 3. storo\u010dia n. L., Up\u00fatala ho bl\u00edzkos\u0165 Salony. Cel\u00e1 t\u00e1to ve\u013ek\u00e1 hist\u00f3ria sa zlomila v 7. storo\u010d\u00ed, ke\u010f bolo mesto zni\u010den\u00e9 inv\u00e1znymi <strong>Avarmi<\/strong> a potom <strong>Slovanmi<\/strong>. Obyvatelia utiekli, aby sa uch\u00fdlili do star\u00fdch Diokleci\u00e1nov\u00fdch hradieb a na susedn\u00e9 ostrovy, pri\u010dom Salonu nechali zahyn\u00fa\u0165.<\/p>\n<p><img decoding=\"async\" class=\"aligncenter wp-image-8020 size-full\" title=\"Salona, Solin, Chorv\u00e1tsko, r\u00edmska ulica a st\u013apy\" src=\"https:\/\/visitteo.com\/wp-content\/uploads\/2021\/09\/Salona-Solin-Croatia-Roman-street-and-pillars.jpg\" alt=\"Salona, Solin, Chorv\u00e1tsko, r\u00edmska ulica a st\u013apy\" width=\"1200\" height=\"800\" srcset=\"https:\/\/visitteo.com\/wp-content\/uploads\/2021\/09\/Salona-Solin-Croatia-Roman-street-and-pillars.jpg 1200w, https:\/\/visitteo.com\/wp-content\/uploads\/2021\/09\/Salona-Solin-Croatia-Roman-street-and-pillars-300x200.jpg 300w, https:\/\/visitteo.com\/wp-content\/uploads\/2021\/09\/Salona-Solin-Croatia-Roman-street-and-pillars-1024x683.jpg 1024w, https:\/\/visitteo.com\/wp-content\/uploads\/2021\/09\/Salona-Solin-Croatia-Roman-street-and-pillars-768x512.jpg 768w\" sizes=\"calc(100vw * var(--container-width) - var(--container-gutter-width)\" \/><span style=\"font-family: 'Arial',sans-serif; color: #0e101a;\"><img decoding=\"async\" class=\"aligncenter wp-image-7965 size-full\" title=\"Amfite\u00e1ter Salona. Split, Solin, Chorv\u00e1tsko\" src=\"https:\/\/visitteo.com\/wp-content\/uploads\/2021\/09\/Salona-amphitheatre.-Split-Solin-Croatia.jpg\" alt=\"Amfite\u00e1ter Salona. Split, Solin, Chorv\u00e1tsko\" width=\"1200\" height=\"800\" srcset=\"https:\/\/visitteo.com\/wp-content\/uploads\/2021\/09\/Salona-amphitheatre.-Split-Solin-Croatia.jpg 1200w, https:\/\/visitteo.com\/wp-content\/uploads\/2021\/09\/Salona-amphitheatre.-Split-Solin-Croatia-300x200.jpg 300w, https:\/\/visitteo.com\/wp-content\/uploads\/2021\/09\/Salona-amphitheatre.-Split-Solin-Croatia-1024x683.jpg 1024w, https:\/\/visitteo.com\/wp-content\/uploads\/2021\/09\/Salona-amphitheatre.-Split-Solin-Croatia-768x512.jpg 768w\" sizes=\"calc(100vw * var(--container-width) - var(--container-gutter-width)\" \/><\/span><\/p>\n<h2><strong>Ruiny Salony<\/strong><\/h2>\n<p>Neoby\u010dajn\u00e9 r\u00edmske ruiny Salona sa nach\u00e1dzaj\u00fa priamo pred ospal\u00fdm predmest\u00edm Solin, iba 5 km severov\u00fdchodne od Splitu. Ruiny mesta Salona, ktor\u00e9 s\u00fa teraz s\u00fa\u010das\u0165ou archeologick\u00e9ho parku, s\u00fa obrovsk\u00e9. Sved\u010d\u00ed o v\u00fdzname tejto kol\u00f3nie za r\u00edmskej nadvl\u00e1dy. Ruiny starovek\u00e9ho mesta Salona, ktor\u00e9 sa nach\u00e1dza na \u00fap\u00e4t\u00ed h\u00f4r severov\u00fdchodne od Splitu, s\u00fa archeologicky najv\u00fdznamnej\u0161ie v Chorv\u00e1tsku. \u010eal\u0161ie zr\u00facaniny n\u00e1jdete medzi vinicami a sadmi na\u013eavo od chodn\u00edka. Vr\u00e1tane miziv\u00fdch pozostatkov F\u00f3ra, divadla a Dion\u00fdzovho chr\u00e1mu. Hne\u010f za t\u00fdmto komplexom, trochu vpravo, je monument\u00e1lna v\u00fdchodn\u00e1 mestsk\u00e1 br\u00e1na z 1. storo\u010dia Porta Caesarea, ktor\u00e1 nesk\u00f4r pohltila mesto expanduj\u00face na v\u00fdchod.<\/p>\n<p><img decoding=\"async\" class=\"aligncenter wp-image-8042 size-full\" title=\"Salona, Split, r\u00edmsky pal\u00e1c a dom, R\u00edmske Ruiny Salony\" src=\"https:\/\/visitteo.com\/wp-content\/uploads\/2021\/09\/Salona-Split-Roman-palace-and-house.jpg\" alt=\"Salona, Split, r\u00edmsky pal\u00e1c a dom, R\u00edmske Ruiny Salony\" width=\"1200\" height=\"800\" srcset=\"https:\/\/visitteo.com\/wp-content\/uploads\/2021\/09\/Salona-Split-Roman-palace-and-house.jpg 1200w, https:\/\/visitteo.com\/wp-content\/uploads\/2021\/09\/Salona-Split-Roman-palace-and-house-300x200.jpg 300w, https:\/\/visitteo.com\/wp-content\/uploads\/2021\/09\/Salona-Split-Roman-palace-and-house-1024x683.jpg 1024w, https:\/\/visitteo.com\/wp-content\/uploads\/2021\/09\/Salona-Split-Roman-palace-and-house-768x512.jpg 768w\" sizes=\"calc(100vw * var(--container-width) - var(--container-gutter-width)\" \/><img decoding=\"async\" class=\"aligncenter wp-image-8081 size-full\" title=\"R\u00edmsky sarkof\u00e1g s grifmi\" src=\"https:\/\/visitteo.com\/wp-content\/uploads\/2021\/09\/Roman-sarcophagus-with-griffins.jpg\" alt=\"R\u00edmsky sarkof\u00e1g s grifmi\" width=\"1200\" height=\"800\" srcset=\"https:\/\/visitteo.com\/wp-content\/uploads\/2021\/09\/Roman-sarcophagus-with-griffins.jpg 1200w, https:\/\/visitteo.com\/wp-content\/uploads\/2021\/09\/Roman-sarcophagus-with-griffins-300x200.jpg 300w, https:\/\/visitteo.com\/wp-content\/uploads\/2021\/09\/Roman-sarcophagus-with-griffins-1024x683.jpg 1024w, https:\/\/visitteo.com\/wp-content\/uploads\/2021\/09\/Roman-sarcophagus-with-griffins-768x512.jpg 768w\" sizes=\"calc(100vw * var(--container-width) - var(--container-gutter-width)\" \/><\/p>\n<h2><strong>Kres\u0165anstvo v Salone<\/strong><\/h2>\n<p>Toto je miesto pochovania kres\u0165ansk\u00fdch mu\u010den\u00edkov pred dekriminaliz\u00e1ciou kres\u0165anstva. Obsahuje v\u00fdznamn\u00e9 pozostatky ranej baziliky. Z <strong>Tuscula<\/strong> vedie cesta ohrani\u010den\u00e1 cyprusmi na juh k severnej mestskej hradbe. Odtia\u013eto m\u00f4\u017eete z\u00edska\u0165 preh\u013ead o z\u00e1kladoch budov, ktor\u00e9 tvoria biskupsk\u00e9 centrum. Vr\u00e1tane trojlo\u010fovej katedr\u00e1ly z 5. storo\u010dia s osemhrannou krstite\u013enicou a zvy\u0161kov baziliky <strong>biskupa Honoriua<\/strong> s p\u00f4dorysom gr\u00e9ckeho kr\u00ed\u017ea. Hlavn\u00e1 cesta ved\u00faca k amfite\u00e1tru sleduje l\u00edniu starovek\u00e9ho m\u00faru. Napravo od chodn\u00edka sa nach\u00e1dza \u010fal\u0161\u00ed ran\u00fd kres\u0165ansk\u00fd cintor\u00edn. Na ktor\u00fdch boli kedysi pochovan\u00e9 pozostatky niektor\u00fdch zabit\u00fdch v amfite\u00e1tri. Spolu s ruinami <strong>Baziliky piatich mu\u010den\u00edkov,<\/strong> postavenej na ich po\u010des\u0165.<\/p>\n<p><img decoding=\"async\" class=\"aligncenter wp-image-8031 size-full\" title=\"Salona, Solin, Split, r\u00edmsky amfite\u00e1ter, architekt\u00fara, R\u00edmske Ruiny Salony\" src=\"https:\/\/visitteo.com\/wp-content\/uploads\/2021\/09\/Salona-Solin-Split-Roman-amphitheatre-architecture.jpg\" alt=\"Salona, Solin, Split, r\u00edmsky amfite\u00e1ter, architekt\u00fara, R\u00edmske Ruiny Salony\" width=\"1200\" height=\"800\" srcset=\"https:\/\/visitteo.com\/wp-content\/uploads\/2021\/09\/Salona-Solin-Split-Roman-amphitheatre-architecture.jpg 1200w, https:\/\/visitteo.com\/wp-content\/uploads\/2021\/09\/Salona-Solin-Split-Roman-amphitheatre-architecture-300x200.jpg 300w, https:\/\/visitteo.com\/wp-content\/uploads\/2021\/09\/Salona-Solin-Split-Roman-amphitheatre-architecture-1024x683.jpg 1024w, https:\/\/visitteo.com\/wp-content\/uploads\/2021\/09\/Salona-Solin-Split-Roman-amphitheatre-architecture-768x512.jpg 768w\" sizes=\"calc(100vw * var(--container-width) - var(--container-gutter-width)\" \/><img decoding=\"async\" class=\"aligncenter wp-image-8093 size-full\" title=\"R\u00edmske ruiny Solin, Split, Chorv\u00e1tsko, R\u00edmske Ruiny Salony\" src=\"https:\/\/visitteo.com\/wp-content\/uploads\/2021\/09\/Solin-roman-ruins-Split-Croatia.jpg\" alt=\"R\u00edmske ruiny Solin, Split, Chorv\u00e1tsko, R\u00edmske Ruiny Salony\" width=\"1200\" height=\"799\" srcset=\"https:\/\/visitteo.com\/wp-content\/uploads\/2021\/09\/Solin-roman-ruins-Split-Croatia.jpg 1200w, https:\/\/visitteo.com\/wp-content\/uploads\/2021\/09\/Solin-roman-ruins-Split-Croatia-300x200.jpg 300w, https:\/\/visitteo.com\/wp-content\/uploads\/2021\/09\/Solin-roman-ruins-Split-Croatia-1024x682.jpg 1024w, https:\/\/visitteo.com\/wp-content\/uploads\/2021\/09\/Solin-roman-ruins-Split-Croatia-768x511.jpg 768w\" sizes=\"calc(100vw * var(--container-width) - var(--container-gutter-width)\" \/><\/p>\n<p><img decoding=\"async\" class=\"aligncenter size-full wp-image-8064\" src=\"https:\/\/visitteo.com\/wp-content\/uploads\/2021\/09\/Salona-location.svg\" alt=\"\" \/><\/p>\n<p>Ak chcete nav\u0161t\u00edvi\u0165 R\u00edmske ruiny Salony, m\u00f4\u017eete n\u00e1js\u0165 ubytovanie v Splite a Soline na <a href=\"https:\/\/visitteo.com\/sk\/\" target=\"_blank\" rel=\"noopener noreferrer\">Visitteo<\/a>. Porovnajte ceny hotelov, apartm\u00e1nov, izieb, \u0161t\u00fadi\u00ed, v\u00edl a mnoh\u00fdch \u010fal\u0161\u00edch typov ubytovania.<\/p>\n<p>Spoznajte Chorv\u00e1tsko, in\u0161pirujte sa a n\u00e1jdite zauj\u00edmav\u00e9 destin\u00e1cie na na\u0161ich soci\u00e1lnych sie\u0165ach &#8211; <a href=\"https:\/\/www.instagram.com\/visitteo\/\" target=\"_blank\" rel=\"noopener noreferrer\">Instagram<\/a>,\u00a0<a href=\"https:\/\/www.facebook.com\/visitteo\" target=\"_blank\" rel=\"noopener noreferrer\">Facebook<\/a>,\u00a0<a href=\"https:\/\/twitter.com\/visitteo\" target=\"_blank\" rel=\"noopener noreferrer\">Twitter<\/a> a\u00a0<a href=\"https:\/\/www.youtube.com\/channel\/UCbtUWjbBPW-hHoCqVIhG8YQ\" target=\"_blank\" rel=\"noopener noreferrer\">YouTube<\/a><\/p>\n<p>&nbsp;<\/p>\n","protected":false},"excerpt":{"rendered":"<p>Vzh\u013eadom na rozsiahle \u00fazemie, ktor\u00e9 zah\u0155\u0148alo a neuverite\u013en\u00fd po\u010det rokov, ktor\u00e9 vydr\u017eala, zanechala R\u00edmska r\u00ed\u0161a mno\u017estvo p\u00f4sobiv\u00fdch ru\u00edn. Aj ke\u010f ich rozkvet je u\u017e d\u00e1vno pre\u010d, v s\u00fa\u010dasnosti sl\u00fa\u017eia ako d\u00f4le\u017eit\u00e9 historick\u00e9 pamiatky a ob\u013e\u00faben\u00e9 turistick\u00e9 atrakcie. R\u00edmske ruiny Salona sa nach\u00e1dzaj\u00fa v bl\u00edzkosti mesta Solin, nieko\u013eko kilometrov od Splitu. Je to fascinuj\u00faci archeologick\u00fd klenot [&hellip;]<\/p>\n","protected":false},"author":3,"featured_media":7951,"comment_status":"closed","ping_status":"closed","sticky":false,"template":"","format":"standard","meta":{"_acf_changed":false,"footnotes":""},"categories":[43],"tags":[],"post-locations":[],"class_list":["post-8119","post","type-post","status-publish","format-standard","has-post-thumbnail","hentry","category-vily-sk"],"acf":[],"yoast_head":"<!-- This site is optimized with the Yoast SEO plugin v27.3 - https:\/\/yoast.com\/product\/yoast-seo-wordpress\/ -->\n<title>R\u00edmske Ruiny Salony v Soline - Visitteo<\/title>\n<meta name=\"description\" content=\"V tieni Solinu le\u017eia starovek\u00e9 r\u00edmske ruiny Salony. Kedysi hlavn\u00e9 mesto r\u00edmskej provincie Dalm\u00e1cia a najv\u00e4\u010d\u0161\u00ed archeologick\u00fd park v Chorv\u00e1tsku.\" \/>\n<meta name=\"robots\" content=\"index, follow, max-snippet:-1, max-image-preview:large, max-video-preview:-1\" \/>\n<link rel=\"canonical\" href=\"https:\/\/visitteo.com\/sk\/rimske-ruiny-salony-v-soline\/\" \/>\n<meta property=\"og:locale\" content=\"sk_SK\" \/>\n<meta property=\"og:type\" content=\"article\" \/>\n<meta property=\"og:title\" content=\"R\u00edmske Ruiny Salony v Soline - Visitteo\" \/>\n<meta property=\"og:description\" content=\"V tieni Solinu le\u017eia starovek\u00e9 r\u00edmske ruiny Salony. Kedysi hlavn\u00e9 mesto r\u00edmskej provincie Dalm\u00e1cia a najv\u00e4\u010d\u0161\u00ed archeologick\u00fd park v Chorv\u00e1tsku.\" \/>\n<meta property=\"og:url\" content=\"https:\/\/visitteo.com\/sk\/rimske-ruiny-salony-v-soline\/\" \/>\n<meta property=\"og:site_name\" content=\"Visitteo\" \/>\n<meta property=\"article:publisher\" content=\"https:\/\/www.facebook.com\/visitteo\/\" \/>\n<meta property=\"article:published_time\" content=\"2021-09-21T07:27:57+00:00\" \/>\n<meta property=\"article:modified_time\" content=\"2021-09-28T08:49:18+00:00\" \/>\n<meta property=\"og:image\" content=\"https:\/\/visitteo.com\/wp-content\/uploads\/2021\/09\/cover-02.jpg\" \/>\n\t<meta property=\"og:image:width\" content=\"600\" \/>\n\t<meta property=\"og:image:height\" content=\"400\" \/>\n\t<meta property=\"og:image:type\" content=\"image\/jpeg\" \/>\n<meta name=\"author\" content=\"luka\" \/>\n<meta name=\"twitter:card\" content=\"summary_large_image\" \/>\n<meta name=\"twitter:creator\" content=\"@visitteo\" \/>\n<meta name=\"twitter:site\" content=\"@visitteo\" \/>\n<meta name=\"twitter:label1\" content=\"Autor\" \/>\n\t<meta name=\"twitter:data1\" content=\"luka\" \/>\n\t<meta name=\"twitter:label2\" content=\"Predpokladan\u00fd \u010das \u010d\u00edtania\" \/>\n\t<meta name=\"twitter:data2\" content=\"3 min\u00faty\" \/>\n<script type=\"application\/ld+json\" class=\"yoast-schema-graph\">{\"@context\":\"https:\\\/\\\/schema.org\",\"@graph\":[{\"@type\":\"Article\",\"@id\":\"https:\\\/\\\/visitteo.com\\\/sk\\\/rimske-ruiny-salony-v-soline\\\/#article\",\"isPartOf\":{\"@id\":\"https:\\\/\\\/visitteo.com\\\/sk\\\/rimske-ruiny-salony-v-soline\\\/\"},\"author\":{\"name\":\"luka\",\"@id\":\"https:\\\/\\\/visitteo.com\\\/sk\\\/#\\\/schema\\\/person\\\/53238a5be1ba5b918df3b0af050a378f\"},\"headline\":\"R\u00edmske ruiny Salony v Soline\",\"datePublished\":\"2021-09-21T07:27:57+00:00\",\"dateModified\":\"2021-09-28T08:49:18+00:00\",\"mainEntityOfPage\":{\"@id\":\"https:\\\/\\\/visitteo.com\\\/sk\\\/rimske-ruiny-salony-v-soline\\\/\"},\"wordCount\":690,\"publisher\":{\"@id\":\"https:\\\/\\\/visitteo.com\\\/sk\\\/#organization\"},\"image\":{\"@id\":\"https:\\\/\\\/visitteo.com\\\/sk\\\/rimske-ruiny-salony-v-soline\\\/#primaryimage\"},\"thumbnailUrl\":\"https:\\\/\\\/visitteo.com\\\/wp-content\\\/uploads\\\/2021\\\/09\\\/cover-02.jpg\",\"articleSection\":[\"Vily\"],\"inLanguage\":\"sk-SK\"},{\"@type\":\"WebPage\",\"@id\":\"https:\\\/\\\/visitteo.com\\\/sk\\\/rimske-ruiny-salony-v-soline\\\/\",\"url\":\"https:\\\/\\\/visitteo.com\\\/sk\\\/rimske-ruiny-salony-v-soline\\\/\",\"name\":\"R\u00edmske Ruiny Salony v Soline - Visitteo\",\"isPartOf\":{\"@id\":\"https:\\\/\\\/visitteo.com\\\/sk\\\/#website\"},\"primaryImageOfPage\":{\"@id\":\"https:\\\/\\\/visitteo.com\\\/sk\\\/rimske-ruiny-salony-v-soline\\\/#primaryimage\"},\"image\":{\"@id\":\"https:\\\/\\\/visitteo.com\\\/sk\\\/rimske-ruiny-salony-v-soline\\\/#primaryimage\"},\"thumbnailUrl\":\"https:\\\/\\\/visitteo.com\\\/wp-content\\\/uploads\\\/2021\\\/09\\\/cover-02.jpg\",\"datePublished\":\"2021-09-21T07:27:57+00:00\",\"dateModified\":\"2021-09-28T08:49:18+00:00\",\"description\":\"V tieni Solinu le\u017eia starovek\u00e9 r\u00edmske ruiny Salony. Kedysi hlavn\u00e9 mesto r\u00edmskej provincie Dalm\u00e1cia a najv\u00e4\u010d\u0161\u00ed archeologick\u00fd park v Chorv\u00e1tsku.\",\"breadcrumb\":{\"@id\":\"https:\\\/\\\/visitteo.com\\\/sk\\\/rimske-ruiny-salony-v-soline\\\/#breadcrumb\"},\"inLanguage\":\"sk-SK\",\"potentialAction\":[{\"@type\":\"ReadAction\",\"target\":[\"https:\\\/\\\/visitteo.com\\\/sk\\\/rimske-ruiny-salony-v-soline\\\/\"]}]},{\"@type\":\"ImageObject\",\"inLanguage\":\"sk-SK\",\"@id\":\"https:\\\/\\\/visitteo.com\\\/sk\\\/rimske-ruiny-salony-v-soline\\\/#primaryimage\",\"url\":\"https:\\\/\\\/visitteo.com\\\/wp-content\\\/uploads\\\/2021\\\/09\\\/cover-02.jpg\",\"contentUrl\":\"https:\\\/\\\/visitteo.com\\\/wp-content\\\/uploads\\\/2021\\\/09\\\/cover-02.jpg\",\"width\":600,\"height\":400},{\"@type\":\"BreadcrumbList\",\"@id\":\"https:\\\/\\\/visitteo.com\\\/sk\\\/rimske-ruiny-salony-v-soline\\\/#breadcrumb\",\"itemListElement\":[{\"@type\":\"ListItem\",\"position\":1,\"name\":\"Homepage\",\"item\":\"https:\\\/\\\/visitteo.com\\\/sk\\\/\"},{\"@type\":\"ListItem\",\"position\":2,\"name\":\"R\u00edmske ruiny Salony v Soline\"}]},{\"@type\":\"WebSite\",\"@id\":\"https:\\\/\\\/visitteo.com\\\/sk\\\/#website\",\"url\":\"https:\\\/\\\/visitteo.com\\\/sk\\\/\",\"name\":\"Visitteo\",\"description\":\"Visitteo is a metasearch engine for car rental.\",\"publisher\":{\"@id\":\"https:\\\/\\\/visitteo.com\\\/sk\\\/#organization\"},\"potentialAction\":[{\"@type\":\"SearchAction\",\"target\":{\"@type\":\"EntryPoint\",\"urlTemplate\":\"https:\\\/\\\/visitteo.com\\\/sk\\\/?s={search_term_string}\"},\"query-input\":{\"@type\":\"PropertyValueSpecification\",\"valueRequired\":true,\"valueName\":\"search_term_string\"}}],\"inLanguage\":\"sk-SK\"},{\"@type\":\"Organization\",\"@id\":\"https:\\\/\\\/visitteo.com\\\/sk\\\/#organization\",\"name\":\"Visitteo\",\"url\":\"https:\\\/\\\/visitteo.com\\\/sk\\\/\",\"logo\":{\"@type\":\"ImageObject\",\"inLanguage\":\"sk-SK\",\"@id\":\"https:\\\/\\\/visitteo.com\\\/sk\\\/#\\\/schema\\\/logo\\\/image\\\/\",\"url\":\"https:\\\/\\\/visitteo.com\\\/wp-content\\\/uploads\\\/2024\\\/09\\\/organization_logo.png\",\"contentUrl\":\"https:\\\/\\\/visitteo.com\\\/wp-content\\\/uploads\\\/2024\\\/09\\\/organization_logo.png\",\"width\":840,\"height\":840,\"caption\":\"Visitteo\"},\"image\":{\"@id\":\"https:\\\/\\\/visitteo.com\\\/sk\\\/#\\\/schema\\\/logo\\\/image\\\/\"},\"sameAs\":[\"https:\\\/\\\/www.facebook.com\\\/visitteo\\\/\",\"https:\\\/\\\/x.com\\\/visitteo\",\"https:\\\/\\\/www.instagram.com\\\/visitteo\\\/\",\"https:\\\/\\\/www.pinterest.com\\\/visitteo\\\/pins\\\/\"]},{\"@type\":\"Person\",\"@id\":\"https:\\\/\\\/visitteo.com\\\/sk\\\/#\\\/schema\\\/person\\\/53238a5be1ba5b918df3b0af050a378f\",\"name\":\"luka\",\"image\":{\"@type\":\"ImageObject\",\"inLanguage\":\"sk-SK\",\"@id\":\"https:\\\/\\\/secure.gravatar.com\\\/avatar\\\/9a67ac519f01ec189794283addfea686b53e51f9ead55bfa62a9f7e13c241a8a?s=96&d=mm&r=g\",\"url\":\"https:\\\/\\\/secure.gravatar.com\\\/avatar\\\/9a67ac519f01ec189794283addfea686b53e51f9ead55bfa62a9f7e13c241a8a?s=96&d=mm&r=g\",\"contentUrl\":\"https:\\\/\\\/secure.gravatar.com\\\/avatar\\\/9a67ac519f01ec189794283addfea686b53e51f9ead55bfa62a9f7e13c241a8a?s=96&d=mm&r=g\",\"caption\":\"luka\"}}]}<\/script>\n<!-- \/ Yoast SEO plugin. -->","yoast_head_json":{"title":"R\u00edmske Ruiny Salony v Soline - Visitteo","description":"V tieni Solinu le\u017eia starovek\u00e9 r\u00edmske ruiny Salony. Kedysi hlavn\u00e9 mesto r\u00edmskej provincie Dalm\u00e1cia a najv\u00e4\u010d\u0161\u00ed archeologick\u00fd park v Chorv\u00e1tsku.","robots":{"index":"index","follow":"follow","max-snippet":"max-snippet:-1","max-image-preview":"max-image-preview:large","max-video-preview":"max-video-preview:-1"},"canonical":"https:\/\/visitteo.com\/sk\/rimske-ruiny-salony-v-soline\/","og_locale":"sk_SK","og_type":"article","og_title":"R\u00edmske Ruiny Salony v Soline - Visitteo","og_description":"V tieni Solinu le\u017eia starovek\u00e9 r\u00edmske ruiny Salony. Kedysi hlavn\u00e9 mesto r\u00edmskej provincie Dalm\u00e1cia a najv\u00e4\u010d\u0161\u00ed archeologick\u00fd park v Chorv\u00e1tsku.","og_url":"https:\/\/visitteo.com\/sk\/rimske-ruiny-salony-v-soline\/","og_site_name":"Visitteo","article_publisher":"https:\/\/www.facebook.com\/visitteo\/","article_published_time":"2021-09-21T07:27:57+00:00","article_modified_time":"2021-09-28T08:49:18+00:00","og_image":[{"width":600,"height":400,"url":"https:\/\/visitteo.com\/wp-content\/uploads\/2021\/09\/cover-02.jpg","type":"image\/jpeg"}],"author":"luka","twitter_card":"summary_large_image","twitter_creator":"@visitteo","twitter_site":"@visitteo","twitter_misc":{"Autor":"luka","Predpokladan\u00fd \u010das \u010d\u00edtania":"3 min\u00faty"},"schema":{"@context":"https:\/\/schema.org","@graph":[{"@type":"Article","@id":"https:\/\/visitteo.com\/sk\/rimske-ruiny-salony-v-soline\/#article","isPartOf":{"@id":"https:\/\/visitteo.com\/sk\/rimske-ruiny-salony-v-soline\/"},"author":{"name":"luka","@id":"https:\/\/visitteo.com\/sk\/#\/schema\/person\/53238a5be1ba5b918df3b0af050a378f"},"headline":"R\u00edmske ruiny Salony v Soline","datePublished":"2021-09-21T07:27:57+00:00","dateModified":"2021-09-28T08:49:18+00:00","mainEntityOfPage":{"@id":"https:\/\/visitteo.com\/sk\/rimske-ruiny-salony-v-soline\/"},"wordCount":690,"publisher":{"@id":"https:\/\/visitteo.com\/sk\/#organization"},"image":{"@id":"https:\/\/visitteo.com\/sk\/rimske-ruiny-salony-v-soline\/#primaryimage"},"thumbnailUrl":"https:\/\/visitteo.com\/wp-content\/uploads\/2021\/09\/cover-02.jpg","articleSection":["Vily"],"inLanguage":"sk-SK"},{"@type":"WebPage","@id":"https:\/\/visitteo.com\/sk\/rimske-ruiny-salony-v-soline\/","url":"https:\/\/visitteo.com\/sk\/rimske-ruiny-salony-v-soline\/","name":"R\u00edmske Ruiny Salony v Soline - Visitteo","isPartOf":{"@id":"https:\/\/visitteo.com\/sk\/#website"},"primaryImageOfPage":{"@id":"https:\/\/visitteo.com\/sk\/rimske-ruiny-salony-v-soline\/#primaryimage"},"image":{"@id":"https:\/\/visitteo.com\/sk\/rimske-ruiny-salony-v-soline\/#primaryimage"},"thumbnailUrl":"https:\/\/visitteo.com\/wp-content\/uploads\/2021\/09\/cover-02.jpg","datePublished":"2021-09-21T07:27:57+00:00","dateModified":"2021-09-28T08:49:18+00:00","description":"V tieni Solinu le\u017eia starovek\u00e9 r\u00edmske ruiny Salony. Kedysi hlavn\u00e9 mesto r\u00edmskej provincie Dalm\u00e1cia a najv\u00e4\u010d\u0161\u00ed archeologick\u00fd park v Chorv\u00e1tsku.","breadcrumb":{"@id":"https:\/\/visitteo.com\/sk\/rimske-ruiny-salony-v-soline\/#breadcrumb"},"inLanguage":"sk-SK","potentialAction":[{"@type":"ReadAction","target":["https:\/\/visitteo.com\/sk\/rimske-ruiny-salony-v-soline\/"]}]},{"@type":"ImageObject","inLanguage":"sk-SK","@id":"https:\/\/visitteo.com\/sk\/rimske-ruiny-salony-v-soline\/#primaryimage","url":"https:\/\/visitteo.com\/wp-content\/uploads\/2021\/09\/cover-02.jpg","contentUrl":"https:\/\/visitteo.com\/wp-content\/uploads\/2021\/09\/cover-02.jpg","width":600,"height":400},{"@type":"BreadcrumbList","@id":"https:\/\/visitteo.com\/sk\/rimske-ruiny-salony-v-soline\/#breadcrumb","itemListElement":[{"@type":"ListItem","position":1,"name":"Homepage","item":"https:\/\/visitteo.com\/sk\/"},{"@type":"ListItem","position":2,"name":"R\u00edmske ruiny Salony v Soline"}]},{"@type":"WebSite","@id":"https:\/\/visitteo.com\/sk\/#website","url":"https:\/\/visitteo.com\/sk\/","name":"Visitteo","description":"Visitteo is a metasearch engine for car rental.","publisher":{"@id":"https:\/\/visitteo.com\/sk\/#organization"},"potentialAction":[{"@type":"SearchAction","target":{"@type":"EntryPoint","urlTemplate":"https:\/\/visitteo.com\/sk\/?s={search_term_string}"},"query-input":{"@type":"PropertyValueSpecification","valueRequired":true,"valueName":"search_term_string"}}],"inLanguage":"sk-SK"},{"@type":"Organization","@id":"https:\/\/visitteo.com\/sk\/#organization","name":"Visitteo","url":"https:\/\/visitteo.com\/sk\/","logo":{"@type":"ImageObject","inLanguage":"sk-SK","@id":"https:\/\/visitteo.com\/sk\/#\/schema\/logo\/image\/","url":"https:\/\/visitteo.com\/wp-content\/uploads\/2024\/09\/organization_logo.png","contentUrl":"https:\/\/visitteo.com\/wp-content\/uploads\/2024\/09\/organization_logo.png","width":840,"height":840,"caption":"Visitteo"},"image":{"@id":"https:\/\/visitteo.com\/sk\/#\/schema\/logo\/image\/"},"sameAs":["https:\/\/www.facebook.com\/visitteo\/","https:\/\/x.com\/visitteo","https:\/\/www.instagram.com\/visitteo\/","https:\/\/www.pinterest.com\/visitteo\/pins\/"]},{"@type":"Person","@id":"https:\/\/visitteo.com\/sk\/#\/schema\/person\/53238a5be1ba5b918df3b0af050a378f","name":"luka","image":{"@type":"ImageObject","inLanguage":"sk-SK","@id":"https:\/\/secure.gravatar.com\/avatar\/9a67ac519f01ec189794283addfea686b53e51f9ead55bfa62a9f7e13c241a8a?s=96&d=mm&r=g","url":"https:\/\/secure.gravatar.com\/avatar\/9a67ac519f01ec189794283addfea686b53e51f9ead55bfa62a9f7e13c241a8a?s=96&d=mm&r=g","contentUrl":"https:\/\/secure.gravatar.com\/avatar\/9a67ac519f01ec189794283addfea686b53e51f9ead55bfa62a9f7e13c241a8a?s=96&d=mm&r=g","caption":"luka"}}]}},"_links":{"self":[{"href":"https:\/\/visitteo.com\/sk\/wp-json\/wp\/v2\/posts\/8119","targetHints":{"allow":["GET"]}}],"collection":[{"href":"https:\/\/visitteo.com\/sk\/wp-json\/wp\/v2\/posts"}],"about":[{"href":"https:\/\/visitteo.com\/sk\/wp-json\/wp\/v2\/types\/post"}],"author":[{"embeddable":true,"href":"https:\/\/visitteo.com\/sk\/wp-json\/wp\/v2\/users\/3"}],"replies":[{"embeddable":true,"href":"https:\/\/visitteo.com\/sk\/wp-json\/wp\/v2\/comments?post=8119"}],"version-history":[{"count":0,"href":"https:\/\/visitteo.com\/sk\/wp-json\/wp\/v2\/posts\/8119\/revisions"}],"wp:featuredmedia":[{"embeddable":true,"href":"https:\/\/visitteo.com\/sk\/wp-json\/wp\/v2\/media\/7951"}],"wp:attachment":[{"href":"https:\/\/visitteo.com\/sk\/wp-json\/wp\/v2\/media?parent=8119"}],"wp:term":[{"taxonomy":"category","embeddable":true,"href":"https:\/\/visitteo.com\/sk\/wp-json\/wp\/v2\/categories?post=8119"},{"taxonomy":"post_tag","embeddable":true,"href":"https:\/\/visitteo.com\/sk\/wp-json\/wp\/v2\/tags?post=8119"},{"taxonomy":"post-location","embeddable":true,"href":"https:\/\/visitteo.com\/sk\/wp-json\/wp\/v2\/post-locations?post=8119"}],"curies":[{"name":"wp","href":"https:\/\/api.w.org\/{rel}","templated":true}]}}